{"id":78528,"date":"2024-09-06T10:47:21","date_gmt":"2024-09-06T08:47:21","guid":{"rendered":"https:\/\/jugulajm.net\/?p=78528"},"modified":"2024-09-06T10:47:21","modified_gmt":"2024-09-06T08:47:21","slug":"iken-rrumbullaku-ministri-hoxha-paralajmeron-largimin-e-drejtuesve-te-qarqeve","status":"publish","type":"post","link":"https:\/\/jugulajm.net\/?p=78528","title":{"rendered":"Ik\u00ebn Rrumbullaku, ministri Hoxha paralajm\u00ebron largimin e drejtuesve t\u00eb qarqeve"},"content":{"rendered":"<p>Ministri Ervin Hoxha gjat\u00eb takimit me drejtues t\u00eb Policis\u00eb s\u00eb Shtetit, nd\u00ebrsa ka b\u00ebr\u00eb me dije dor\u00ebheqjen e Drejtorit t\u00eb P\u00ebrgjithsh\u00ebm t\u00eb Policis\u00eb s\u00eb Shtetit, Muhamet Rrumbullaku, njoftoi nxjerrjen e udh\u00ebzimit p\u00ebr nisjen e procedurave p\u00ebr zgjedhjen e drejtorit t\u00eb ri.<\/p>\n<p>Ai sqaroi se p\u00ebrkoh\u00ebsisht k\u00ebt\u00eb detyr\u00eb do e mbaj zv.drejtori i P\u00ebrgjithsh\u00ebm, Sokol Bizhga.<\/p>\n<p>\u201c<em>Sot, \u00ebsht\u00eb dita p\u00ebr ta kaluar stafet\u00ebn tek nj\u00eb tjet\u00ebr gjenerat\u00eb drejtuesish, t\u00eb cil\u00ebt fal\u00eb pun\u00ebs kolosale t\u00eb b\u00ebr\u00eb deri k\u00ebtu, nuk do ta fillojn\u00eb rrug\u00ebn e tyre nga gremina e vitit 2013, por nga nj\u00eb lart\u00ebsi e arritur me mundin e me koh\u00ebn e nj\u00eb dekade dhe nuk do t\u00eb ken\u00eb asnj\u00eb justifikim p\u00ebr t\u00eb mos e ngjitur Policin\u00eb e Shtetit n\u00eb rangun e trupave m\u00eb t\u00eb mira t\u00eb Bashkimit Europian.<\/em><\/p>\n<p><em>N\u00eb baz\u00eb t\u00eb k\u00ebtij ligji kam nxjerr\u00eb Udh\u00ebzimin p\u00ebr fillimin e procedurave t\u00eb p\u00ebrzgjedhjes s\u00eb Drejtorit t\u00eb P\u00ebrgjithsh\u00ebm t\u00eb Policis\u00eb s\u00eb Shtetit dhe n\u00eb zbatim t\u00eb tij, n\u00eb detyr\u00ebn e p\u00ebrkohshme t\u00eb drejtuesit t\u00eb lart\u00eb t\u00eb Policis\u00eb, do t\u00eb komandohet Zv.drejtori i P\u00ebrgjithsh\u00ebm, Sokol Bizhga.\u00a0<\/em><br \/>\n<em>\u00a0<\/em><br \/>\n<em>I ftoj t\u00eb gjith\u00eb drejtuesit t\u00eb Policis\u00eb, t\u00eb cil\u00ebt jan\u00eb sipas rangjeve t\u00eb parashikuara nga ligji t\u00eb kandidojn\u00eb p\u00ebr Drejtor t\u00eb P\u00ebrgjithsh\u00ebm. N\u00ebse e kan\u00eb k\u00ebt\u00eb ambicie t\u00eb mos ngurrojn\u00eb. Procesi \u00ebsht\u00eb i hapur dhe zgjedhja do t\u00eb jet\u00eb e pandikuar nga asgj\u00eb tjet\u00ebr, p\u00ebrve\u00e7 vlerave individuale t\u00eb \u00e7do kandidature.<\/em><\/p>\n<p><em>Kam bindjen se ata q\u00eb do t\u00eb dor\u00ebzojn\u00eb stafet\u00ebn udh\u00ebheq\u00ebse t\u00eb k\u00ebsaj trupe, q\u00eb nga Drejtori i P\u00ebrgjithsh\u00ebm dhe t\u00eb gjith\u00eb t\u00eb tjer\u00ebt, nuk do ta kursejn\u00eb dijen dhe p\u00ebrvoj\u00ebn e jasht\u00ebzakonshme t\u00eb fituar n\u00eb gjith\u00eb k\u00ebto vite n\u00eb vij\u00ebn e par\u00eb, p\u00ebr t\u00eb mb\u00ebshtetur ngjitjen e m\u00ebtejshme t\u00eb trup\u00ebs s\u00eb policis\u00eb drejt maj\u00ebs s\u00eb Shqip\u00ebris\u00eb 2030<\/em>\u201c<em>,\u00a0<\/em>deklaroi Hoxha.<\/p>\n<p>Ministri u shpreh se p\u00ebrparimi i dekad\u00ebs s\u00eb fundit p\u00ebr Policin\u00eb e Shtetit ka qen\u00eb i jasht\u00ebzakonsh\u00ebm duke e krahasuar me 10 vite m\u00eb par\u00eb.<\/p>\n<p>Ai theksoi se ambicia p\u00ebr Policin\u00eb e Shtetit 2030, mb\u00ebshtetet n\u00eb potencial p\u00ebr ta ngritur k\u00ebt\u00eb institucion n\u00eb nj\u00eb tjet\u00ebr nivel, duke rritur cil\u00ebsin\u00eb e sh\u00ebrbimit.<\/p>\n<p>\u201c<em>Besoj se jam nj\u00eb d\u00ebshmitar mjaftuesh\u00ebm objektiv p\u00ebr t\u00eb th\u00ebn\u00eb sot se, p\u00ebrparimi i dekad\u00ebs s\u00eb fundit \u00ebsht\u00eb i jasht\u00ebzakonsh\u00ebm, po t\u00eb merret parasysh pika kritike ku ishte katandisur Policia e Shtetit dhe ndjenja d\u00ebshp\u00ebruese e braktisjes q\u00eb p\u00ebrjetohej n\u00eb radh\u00ebt tona deri p\u00ebrpara 10 viteve. Ambicia jon\u00eb p\u00ebr Policin\u00eb e Shtetit 2030, si nj\u00eb trup\u00eb e denj\u00eb e Bashkimit Europian \u00ebsht\u00eb nj\u00eb ambicie e mb\u00ebshtetur n\u00eb potencialin konkret q\u00eb kemi p\u00ebr ta ngritur Policin\u00eb n\u00eb nj\u00eb nivel t\u00eb ri, duke konsoliduar m\u00eb tej tendenc\u00ebn n\u00eb r\u00ebnie t\u00eb kriminalitetit dhe rritur m\u00eb shpejt cil\u00ebsin\u00eb e sh\u00ebrbimit policor n\u00eb \u00e7do aspekt<\/em>\u201d, shtoi ai.<\/p>\n<p>Takimi i ministrit Hoxha me drejtuesit e Policis\u00eb s\u00eb Shtetit erdhi pas dor\u00ebheqjes s\u00eb Drejtorit t\u00eb P\u00ebrgjithsh\u00ebm Muhamet Rrumbullaku. Ky i fundit\u00a0mbajti p\u00ebr 2 vite postin e Drejtorit t\u00eb P\u00ebrgjithsh\u00ebm t\u00eb Policis\u00eb s\u00eb Shtetit. Rrumbullaku u em\u00ebrua Kreu i Policis\u00eb s\u00eb Shtetit n\u00eb shtator t\u00eb vitit 2022.<\/p>\n<p>Kjo ishte mbledhja e par\u00eb e ministrit q\u00eb kur mori detyr\u00ebn e ministrit m\u00eb 28 korrik.<\/p>\n","protected":false},"excerpt":{"rendered":"<p>Ministri Ervin Hoxha gjat\u00eb takimit me drejtues t\u00eb Policis\u00eb s\u00eb Shtetit, nd\u00ebrsa ka b\u00ebr\u00eb me dije dor\u00ebheqjen e Drejtorit t\u00eb P\u00ebrgjithsh\u00ebm t\u00eb Policis\u00eb s\u00eb Shtetit, Muhamet Rrumbullaku, njoftoi nxjerrjen e udh\u00ebzimit p\u00ebr nisjen e procedurave p\u00ebr zgjedhjen e drejtorit t\u00eb ri. Ai sqaroi se p\u00ebrkoh\u00ebsisht k\u00ebt\u00eb detyr\u00eb do e mbaj zv.drejtori i P\u00ebrgjithsh\u00ebm, Sokol Bizhga. [&hellip;]<\/p>\n","protected":false},"author":5,"featured_media":78518,"comment_status":"closed","ping_status":"closed","sticky":false,"template":"","format":"standard","meta":{"footnotes":""},"categories":[1,6332,29228],"tags":[32932,32933],"class_list":{"0":"post-78528","1":"post","2":"type-post","3":"status-publish","4":"format-standard","5":"has-post-thumbnail","7":"category-aktualitet","8":"category-te-fundit","9":"category-vendi","10":"tag-iken-rrumbullaku","11":"tag-ministri-hoxha-paralajmeron-largimin-e-drejtuesve-te-qarqeve"},"_links":{"self":[{"href":"https:\/\/jugulajm.net\/index.php?rest_route=\/wp\/v2\/posts\/78528","targetHints":{"allow":["GET"]}}],"collection":[{"href":"https:\/\/jugulajm.net\/index.php?rest_route=\/wp\/v2\/posts"}],"about":[{"href":"https:\/\/jugulajm.net\/index.php?rest_route=\/wp\/v2\/types\/post"}],"author":[{"embeddable":true,"href":"https:\/\/jugulajm.net\/index.php?rest_route=\/wp\/v2\/users\/5"}],"replies":[{"embeddable":true,"href":"https:\/\/jugulajm.net\/index.php?rest_route=%2Fwp%2Fv2%2Fcomments&post=78528"}],"version-history":[{"count":0,"href":"https:\/\/jugulajm.net\/index.php?rest_route=\/wp\/v2\/posts\/78528\/revisions"}],"wp:featuredmedia":[{"embeddable":true,"href":"https:\/\/jugulajm.net\/index.php?rest_route=\/wp\/v2\/media\/78518"}],"wp:attachment":[{"href":"https:\/\/jugulajm.net\/index.php?rest_route=%2Fwp%2Fv2%2Fmedia&parent=78528"}],"wp:term":[{"taxonomy":"category","embeddable":true,"href":"https:\/\/jugulajm.net\/index.php?rest_route=%2Fwp%2Fv2%2Fcategories&post=78528"},{"taxonomy":"post_tag","embeddable":true,"href":"https:\/\/jugulajm.net\/index.php?rest_route=%2Fwp%2Fv2%2Ftags&post=78528"}],"curies":[{"name":"wp","href":"https:\/\/api.w.org\/{rel}","templated":true}]}}