{"id":78522,"date":"2024-09-06T07:45:28","date_gmt":"2024-09-06T05:45:28","guid":{"rendered":"https:\/\/jugulajm.net\/?p=78522"},"modified":"2024-09-06T07:45:28","modified_gmt":"2024-09-06T05:45:28","slug":"jep-doreheqjen-drejtori-i-pergjithshem-i-policise-se-shtetit-muhamet-rrumbullaku","status":"publish","type":"post","link":"https:\/\/jugulajm.net\/?p=78522","title":{"rendered":"Jep dor\u00ebheqjen Drejtori i P\u00ebrgjithsh\u00ebm i Policis\u00eb s\u00eb Shtetit, Muhamet Rrumbullaku"},"content":{"rendered":"<p>Muhamet Rrumbullaku ka dh\u00ebn\u00eb dor\u00ebheqjen nga detyra e Drejtorit t\u00eb P\u00ebrgjithsh\u00ebm t\u00eb Policis\u00eb s\u00eb Shtetit.<\/p>\n<p>Drejtori i P\u00ebrgjithsh\u00ebm i Policis\u00eb s\u00eb Shtetit i ka dor\u00ebzuar Ministrit t\u00eb Brendsh\u00ebm, Ervin Hoxha dor\u00ebheqjen, duke i hapur rrug\u00eb hapjes s\u00eb gar\u00ebs p\u00ebr kreun e ri t\u00eb bluve.<\/p>\n<p>Kompetencat e kryepolicit i jan\u00eb deleguar zv.drejtorit Sokol Bizhga, deri n\u00eb zgjedhjen e drejtuesit t\u00eb ri me gar\u00eb, n\u00eb baz\u00eb t\u00eb ligjit t\u00eb ri.<\/p>\n<p>Kreu i Policis\u00eb s\u00eb Shtetit, Muhamet Rrumbullaku mbajti p\u00ebr 2 vite postin e Drejtorit t\u00eb P\u00ebrgjithsh\u00ebm t\u00eb Policis\u00eb s\u00eb Shtetit. Rrumbullaku u em\u00ebrua Kreu i Policis\u00eb s\u00eb Shtetit n\u00eb shtator t\u00eb vitit 2022.<\/p>\n<p>Nd\u00ebrkaq ministri i Brendsh\u00ebm ka lajm\u00ebruar q\u00eb t\u00eb premten n\u00eb or\u00eb 10: 00 do t\u00eb mbledh\u00eb t\u00eb gjith\u00eb drejtor\u00ebt e policis\u00eb s\u00eb qarqeve, drejtorin e P\u00ebrgjithsh\u00ebm t\u00eb Policis\u00eb s\u00eb Shtetit si edhe drejtor\u00ebt e departamenteve.<\/p>\n<p>Kjo do t\u00eb jet\u00eb mbledhja e par\u00eb e ministrit q\u00eb kur mori detyr\u00ebn e ministrit m\u00eb 28 korrik.<\/p>\n","protected":false},"excerpt":{"rendered":"<p>Muhamet Rrumbullaku ka dh\u00ebn\u00eb dor\u00ebheqjen nga detyra e Drejtorit t\u00eb P\u00ebrgjithsh\u00ebm t\u00eb Policis\u00eb s\u00eb Shtetit. Drejtori i P\u00ebrgjithsh\u00ebm i Policis\u00eb s\u00eb Shtetit i ka dor\u00ebzuar Ministrit t\u00eb Brendsh\u00ebm, Ervin Hoxha dor\u00ebheqjen, duke i hapur rrug\u00eb hapjes s\u00eb gar\u00ebs p\u00ebr kreun e ri t\u00eb bluve. Kompetencat e kryepolicit i jan\u00eb deleguar zv.drejtorit Sokol Bizhga, deri n\u00eb [&hellip;]<\/p>\n","protected":false},"author":5,"featured_media":49737,"comment_status":"closed","ping_status":"closed","sticky":false,"template":"","format":"standard","meta":{"footnotes":""},"categories":[1,6332,29228],"tags":[32929,32930],"class_list":{"0":"post-78522","1":"post","2":"type-post","3":"status-publish","4":"format-standard","5":"has-post-thumbnail","7":"category-aktualitet","8":"category-te-fundit","9":"category-vendi","10":"tag-jep-doreheqjen-drejtori-i-pergjithshem-i-policise-se-shtetit","11":"tag-muhamet-rrumbullaku"},"_links":{"self":[{"href":"https:\/\/jugulajm.net\/index.php?rest_route=\/wp\/v2\/posts\/78522","targetHints":{"allow":["GET"]}}],"collection":[{"href":"https:\/\/jugulajm.net\/index.php?rest_route=\/wp\/v2\/posts"}],"about":[{"href":"https:\/\/jugulajm.net\/index.php?rest_route=\/wp\/v2\/types\/post"}],"author":[{"embeddable":true,"href":"https:\/\/jugulajm.net\/index.php?rest_route=\/wp\/v2\/users\/5"}],"replies":[{"embeddable":true,"href":"https:\/\/jugulajm.net\/index.php?rest_route=%2Fwp%2Fv2%2Fcomments&post=78522"}],"version-history":[{"count":0,"href":"https:\/\/jugulajm.net\/index.php?rest_route=\/wp\/v2\/posts\/78522\/revisions"}],"wp:featuredmedia":[{"embeddable":true,"href":"https:\/\/jugulajm.net\/index.php?rest_route=\/wp\/v2\/media\/49737"}],"wp:attachment":[{"href":"https:\/\/jugulajm.net\/index.php?rest_route=%2Fwp%2Fv2%2Fmedia&parent=78522"}],"wp:term":[{"taxonomy":"category","embeddable":true,"href":"https:\/\/jugulajm.net\/index.php?rest_route=%2Fwp%2Fv2%2Fcategories&post=78522"},{"taxonomy":"post_tag","embeddable":true,"href":"https:\/\/jugulajm.net\/index.php?rest_route=%2Fwp%2Fv2%2Ftags&post=78522"}],"curies":[{"name":"wp","href":"https:\/\/api.w.org\/{rel}","templated":true}]}}