{"id":78517,"date":"2024-09-05T19:48:55","date_gmt":"2024-09-05T17:48:55","guid":{"rendered":"https:\/\/jugulajm.net\/?p=78517"},"modified":"2024-09-05T19:48:55","modified_gmt":"2024-09-05T17:48:55","slug":"ministri-hoxha-neser-fillon-ndryshimet-ne-policine-e-shtetit","status":"publish","type":"post","link":"https:\/\/jugulajm.net\/?p=78517","title":{"rendered":"Ministri Hoxha neser fillon ndryshimet n\u00eb Policin\u00eb e Shtetit"},"content":{"rendered":"<p>Ministri i Brendsh\u00ebm, Ervin Hoxha, n\u00eb detyr\u00eb prej 1 gushtit ka patur pak dalje publike e deklarime mediatike.<\/p>\n<p>Pavar\u00ebsisht k\u00ebtij profili t\u00eb ulur, k\u00ebto 36 dit\u00eb n\u00eb detyr\u00eb, i ka p\u00ebrdorur p\u00ebr t\u00eb hartuar nj\u00eb mori me ndryshime t\u00eb thella n\u00eb Ministrin\u00eb q\u00eb drejton.<\/p>\n<p>Mediat, duke iu referuar burimeve nga Ministria e Brendshme dhe qeveria kan\u00eb mundur t\u00eb m\u00ebsojn\u00eb at\u00eb q\u00eb pritet t\u00eb shpalos\u00eb ministri Hoxha paraditen e s\u00eb premtes.<\/p>\n<p>Priten ndryshime t\u00eb shumta n\u00eb Drejtorin\u00eb e P\u00ebrgjithshme t\u00eb Policis\u00eb s\u00eb Shtetit, duke p\u00ebrfshir\u00eb t\u00eb gjith\u00eb zinxhirin drejtues dhe drejtuesit e drejtorive vendore.<\/p>\n<p>Gjithashtu priten ndryshime edhe n\u00eb drejtimin e drejtorive n\u00eb var\u00ebsi t\u00eb Ministris\u00eb s\u00eb Brendshme.<\/p>\n","protected":false},"excerpt":{"rendered":"<p>Ministri i Brendsh\u00ebm, Ervin Hoxha, n\u00eb detyr\u00eb prej 1 gushtit ka patur pak dalje publike e deklarime mediatike. Pavar\u00ebsisht k\u00ebtij profili t\u00eb ulur, k\u00ebto 36 dit\u00eb n\u00eb detyr\u00eb, i ka p\u00ebrdorur p\u00ebr t\u00eb hartuar nj\u00eb mori me ndryshime t\u00eb thella n\u00eb Ministrin\u00eb q\u00eb drejton. Mediat, duke iu referuar burimeve nga Ministria e Brendshme dhe qeveria [&hellip;]<\/p>\n","protected":false},"author":5,"featured_media":78518,"comment_status":"closed","ping_status":"closed","sticky":false,"template":"","format":"standard","meta":{"footnotes":""},"categories":[1,6332,29228],"tags":[32927],"class_list":{"0":"post-78517","1":"post","2":"type-post","3":"status-publish","4":"format-standard","5":"has-post-thumbnail","7":"category-aktualitet","8":"category-te-fundit","9":"category-vendi","10":"tag-ministri-hoxha-neser-fillon-ndryshimet-ne-policine-e-shtetit"},"_links":{"self":[{"href":"https:\/\/jugulajm.net\/index.php?rest_route=\/wp\/v2\/posts\/78517","targetHints":{"allow":["GET"]}}],"collection":[{"href":"https:\/\/jugulajm.net\/index.php?rest_route=\/wp\/v2\/posts"}],"about":[{"href":"https:\/\/jugulajm.net\/index.php?rest_route=\/wp\/v2\/types\/post"}],"author":[{"embeddable":true,"href":"https:\/\/jugulajm.net\/index.php?rest_route=\/wp\/v2\/users\/5"}],"replies":[{"embeddable":true,"href":"https:\/\/jugulajm.net\/index.php?rest_route=%2Fwp%2Fv2%2Fcomments&post=78517"}],"version-history":[{"count":0,"href":"https:\/\/jugulajm.net\/index.php?rest_route=\/wp\/v2\/posts\/78517\/revisions"}],"wp:featuredmedia":[{"embeddable":true,"href":"https:\/\/jugulajm.net\/index.php?rest_route=\/wp\/v2\/media\/78518"}],"wp:attachment":[{"href":"https:\/\/jugulajm.net\/index.php?rest_route=%2Fwp%2Fv2%2Fmedia&parent=78517"}],"wp:term":[{"taxonomy":"category","embeddable":true,"href":"https:\/\/jugulajm.net\/index.php?rest_route=%2Fwp%2Fv2%2Fcategories&post=78517"},{"taxonomy":"post_tag","embeddable":true,"href":"https:\/\/jugulajm.net\/index.php?rest_route=%2Fwp%2Fv2%2Ftags&post=78517"}],"curies":[{"name":"wp","href":"https:\/\/api.w.org\/{rel}","templated":true}]}}