{"id":78489,"date":"2024-09-04T16:44:53","date_gmt":"2024-09-04T14:44:53","guid":{"rendered":"https:\/\/jugulajm.net\/?p=78489"},"modified":"2024-09-04T16:44:53","modified_gmt":"2024-09-04T14:44:53","slug":"emrat-djali-vret-babain-e-tij-62-vjecar-ja-shkaku","status":"publish","type":"post","link":"https:\/\/jugulajm.net\/?p=78489","title":{"rendered":"EMRAT\/ Djali vret babain e tij 62-vje\u00e7ar, ja shkaku&#8230;"},"content":{"rendered":"<p>Nj\u00eb krim i r\u00ebnd\u00eb n\u00eb familje ka ndodhur n\u00eb Sh\u00ebnvlash t\u00eb Durr\u00ebsit. Dyshohet se djali ka vrar\u00eb arm\u00eb zjarri babain e tij 62 vje\u00e7.<\/p>\n<p>Viktima \u00ebsht\u00eb Enver Balla, trupi i t\u00eb cilit u gjet n\u00eb pus.<\/p>\n<p>Dyshohet se ai \u00ebsht\u00eb vrar\u00eb nga i biri, Esmerald Balla.<\/p>\n<p>Ngjarja dyshohet se ka ndodhur rreth 20 dit\u00eb m\u00eb par\u00eb.<\/p>\n<p>Shkak i krimit mund t\u00eb jet\u00eb b\u00ebr\u00eb nj\u00eb konflikt p\u00ebr pasurin\u00eb.<\/p>\n<p>Enver Balla ishte denoncuar m\u00eb her\u00ebt si i zhdukur nga vet djali i tij.<\/p>\n<p>N\u00eb njoftimin e policis\u00eb m\u00eb 13 gusht thuhej: &#8220;N\u00eb Komisariatin e Policis\u00eb Durr\u00ebs ka kall\u00ebzuar shtetasi E. B., banues n\u00eb fshatin Sh\u00ebnavlash, se m\u00eb dat\u00eb 13.08.2024, \u00ebsht\u00eb larguar nga banesa, babai i tij, shtetasi E. B., 62 vje\u00e7.<\/p>\n","protected":false},"excerpt":{"rendered":"<p>Nj\u00eb krim i r\u00ebnd\u00eb n\u00eb familje ka ndodhur n\u00eb Sh\u00ebnvlash t\u00eb Durr\u00ebsit. Dyshohet se djali ka vrar\u00eb arm\u00eb zjarri babain e tij 62 vje\u00e7. Viktima \u00ebsht\u00eb Enver Balla, trupi i t\u00eb cilit u gjet n\u00eb pus. Dyshohet se ai \u00ebsht\u00eb vrar\u00eb nga i biri, Esmerald Balla. Ngjarja dyshohet se ka ndodhur rreth 20 dit\u00eb m\u00eb [&hellip;]<\/p>\n","protected":false},"author":5,"featured_media":58339,"comment_status":"closed","ping_status":"closed","sticky":false,"template":"","format":"standard","meta":{"footnotes":""},"categories":[1,6332,29228],"tags":[32913,22218],"class_list":{"0":"post-78489","1":"post","2":"type-post","3":"status-publish","4":"format-standard","5":"has-post-thumbnail","7":"category-aktualitet","8":"category-te-fundit","9":"category-vendi","10":"tag-emrat-djali-vret-babain-e-tij-62-vjecar","11":"tag-ja-shkaku"},"_links":{"self":[{"href":"https:\/\/jugulajm.net\/index.php?rest_route=\/wp\/v2\/posts\/78489","targetHints":{"allow":["GET"]}}],"collection":[{"href":"https:\/\/jugulajm.net\/index.php?rest_route=\/wp\/v2\/posts"}],"about":[{"href":"https:\/\/jugulajm.net\/index.php?rest_route=\/wp\/v2\/types\/post"}],"author":[{"embeddable":true,"href":"https:\/\/jugulajm.net\/index.php?rest_route=\/wp\/v2\/users\/5"}],"replies":[{"embeddable":true,"href":"https:\/\/jugulajm.net\/index.php?rest_route=%2Fwp%2Fv2%2Fcomments&post=78489"}],"version-history":[{"count":0,"href":"https:\/\/jugulajm.net\/index.php?rest_route=\/wp\/v2\/posts\/78489\/revisions"}],"wp:featuredmedia":[{"embeddable":true,"href":"https:\/\/jugulajm.net\/index.php?rest_route=\/wp\/v2\/media\/58339"}],"wp:attachment":[{"href":"https:\/\/jugulajm.net\/index.php?rest_route=%2Fwp%2Fv2%2Fmedia&parent=78489"}],"wp:term":[{"taxonomy":"category","embeddable":true,"href":"https:\/\/jugulajm.net\/index.php?rest_route=%2Fwp%2Fv2%2Fcategories&post=78489"},{"taxonomy":"post_tag","embeddable":true,"href":"https:\/\/jugulajm.net\/index.php?rest_route=%2Fwp%2Fv2%2Ftags&post=78489"}],"curies":[{"name":"wp","href":"https:\/\/api.w.org\/{rel}","templated":true}]}}