{"id":78431,"date":"2024-09-02T13:43:51","date_gmt":"2024-09-02T11:43:51","guid":{"rendered":"https:\/\/jugulajm.net\/?p=78431"},"modified":"2024-09-02T13:43:51","modified_gmt":"2024-09-02T11:43:51","slug":"doli-nga-burgu-reagon-beleri-do-ti-drejtohem-gjykates-se-strasburgut-dhe","status":"publish","type":"post","link":"https:\/\/jugulajm.net\/?p=78431","title":{"rendered":"Doli nga burgu, reagon Beleri: Do t\u2019i drejtohem Gjykat\u00ebs s\u00eb Strasburgut dhe&#8230;"},"content":{"rendered":"<div class=\"chapo\">Fredi Beleri b\u00ebri reagimin e tij t\u00eb par\u00eb disa or\u00eb pas lirimit me kusht q\u00eb vendosi k\u00ebt\u00eb t\u00eb h\u00ebn\u00eb p\u00ebr t\u00eb Gjykata e Fierit.<\/div>\n<div><\/div>\n<p>Ai njoftoi n\u00eb rrjetet sociale se pavar\u00ebsisht vendimit, ai do t\u2019i drejtohet Gjykat\u00ebs s\u00eb Strasburgut sepse argumenton se lirimi i tij ishte i vonuar.<\/p>\n<p>Rrjedha e historis\u00eb sipas tij, ndryshoi sepse u zgjodh eurodeputet e p\u00ebr k\u00ebt\u00eb falenderon kryeministrin grek.<\/p>\n<p><strong>Reagimi i plot\u00eb i Belerit:<\/strong><\/p>\n<p>Pas 16 muajsh izolim, tani jam i lir\u00eb dhe krenar, por definitivisht jo i lumtur. Pse nuk u rivendos shteti i s\u00eb drejt\u00ebs dhe demokracia n\u00eb Shqip\u00ebri, nuk funksionuan institucionet, drejt\u00ebsia nuk u dha ashtu si\u00e7 duhej. Vendimi i sot\u00ebm \u00ebsht\u00eb vet\u00ebm nj\u00eb pik\u00eb n\u00eb oqeanin e drejt\u00ebsis\u00eb q\u00eb na pret. Lufta ime tani ka filluar.<\/p>\n<p>\u00cbsht\u00eb e panevojshme t\u00eb them se do t\u2019i drejtohem Gjykat\u00ebs Evropiane t\u00eb t\u00eb Drejtave t\u00eb Njeriut p\u00ebr gjith\u00e7ka q\u00eb jam gjymtuar nga regjimi shqiptar.<\/p>\n<p>Por tani, duke ushtruar detyrat e eurodeputetit grek, do t\u00eb mund t\u00eb fokusohem n\u00eb \u00e7\u00ebshtjet e minoritetit etnik grek dhe t\u00eb shtetit ligjor, pa frik\u00eb, por vet\u00ebm me pasion.<\/p>\n<p>Sot do t\u00eb jem mes v\u00ebllez\u00ebrve t\u00eb mi n\u00eb Himar\u00eb. Aty ku filloi aventura ime dhe m\u00eb duket e drejt\u00eb t\u00eb jet\u00eb.<\/p>\n<p>Dua t\u00eb fal\u00ebnderoj nga zemra kryeministrin grek Kyriakos Mitsotakis, i cili me vendimin e tij t\u00eb guximsh\u00ebm p\u00ebr t\u00eb m\u00eb p\u00ebrfshir\u00eb n\u00eb vot\u00ebn evropiane t\u00eb ND ndryshoi rrjedh\u00ebn e historis\u00eb sime. Dhe sigurisht miqt\u00eb e mi t\u00eb ngusht\u00eb, Angelos Syrigos dhe Stavros Papastavrou p\u00ebr mb\u00ebshtetjen e tyre t\u00eb pal\u00ebkundur. Ajo ishte gjithmon\u00eb aty, nuk do ta harroj.<\/p>\n<p>N\u00eb fund, dua t\u00eb fal\u00ebnderoj qytetar\u00ebt grek\u00eb q\u00eb gjat\u00eb gjith\u00eb k\u00ebsaj kohe m\u00eb kan\u00eb dh\u00ebn\u00eb forc\u00ebn t\u00eb mos p\u00ebrkulem, t\u00eb duroj dhe t\u00eb vazhdoj t\u00eb luftoj.<\/p>\n","protected":false},"excerpt":{"rendered":"<p>Fredi Beleri b\u00ebri reagimin e tij t\u00eb par\u00eb disa or\u00eb pas lirimit me kusht q\u00eb vendosi k\u00ebt\u00eb t\u00eb h\u00ebn\u00eb p\u00ebr t\u00eb Gjykata e Fierit. Ai njoftoi n\u00eb rrjetet sociale se pavar\u00ebsisht vendimit, ai do t\u2019i drejtohet Gjykat\u00ebs s\u00eb Strasburgut sepse argumenton se lirimi i tij ishte i vonuar. Rrjedha e historis\u00eb sipas tij, ndryshoi sepse [&hellip;]<\/p>\n","protected":false},"author":5,"featured_media":76690,"comment_status":"closed","ping_status":"closed","sticky":false,"template":"","format":"standard","meta":{"footnotes":""},"categories":[1,6326,6332,29228],"tags":[32876,32877],"class_list":{"0":"post-78431","1":"post","2":"type-post","3":"status-publish","4":"format-standard","5":"has-post-thumbnail","7":"category-aktualitet","8":"category-politike","9":"category-te-fundit","10":"category-vendi","11":"tag-doli-nga-burgu","12":"tag-reagon-beleri-do-ti-drejtohem-gjykates-se-strasburgut-dhe"},"_links":{"self":[{"href":"https:\/\/jugulajm.net\/index.php?rest_route=\/wp\/v2\/posts\/78431","targetHints":{"allow":["GET"]}}],"collection":[{"href":"https:\/\/jugulajm.net\/index.php?rest_route=\/wp\/v2\/posts"}],"about":[{"href":"https:\/\/jugulajm.net\/index.php?rest_route=\/wp\/v2\/types\/post"}],"author":[{"embeddable":true,"href":"https:\/\/jugulajm.net\/index.php?rest_route=\/wp\/v2\/users\/5"}],"replies":[{"embeddable":true,"href":"https:\/\/jugulajm.net\/index.php?rest_route=%2Fwp%2Fv2%2Fcomments&post=78431"}],"version-history":[{"count":0,"href":"https:\/\/jugulajm.net\/index.php?rest_route=\/wp\/v2\/posts\/78431\/revisions"}],"wp:featuredmedia":[{"embeddable":true,"href":"https:\/\/jugulajm.net\/index.php?rest_route=\/wp\/v2\/media\/76690"}],"wp:attachment":[{"href":"https:\/\/jugulajm.net\/index.php?rest_route=%2Fwp%2Fv2%2Fmedia&parent=78431"}],"wp:term":[{"taxonomy":"category","embeddable":true,"href":"https:\/\/jugulajm.net\/index.php?rest_route=%2Fwp%2Fv2%2Fcategories&post=78431"},{"taxonomy":"post_tag","embeddable":true,"href":"https:\/\/jugulajm.net\/index.php?rest_route=%2Fwp%2Fv2%2Ftags&post=78431"}],"curies":[{"name":"wp","href":"https:\/\/api.w.org\/{rel}","templated":true}]}}