{"id":78427,"date":"2024-09-02T11:28:51","date_gmt":"2024-09-02T09:28:51","guid":{"rendered":"https:\/\/jugulajm.net\/?p=78427"},"modified":"2024-09-02T11:28:51","modified_gmt":"2024-09-02T09:28:51","slug":"lajm-i-fundit-lirohet-nga-burgu-fredi-beleri","status":"publish","type":"post","link":"https:\/\/jugulajm.net\/?p=78427","title":{"rendered":"LAJM I FUNDIT\/ Lirohet nga burgu Fredi Beleri"},"content":{"rendered":"<p>Fredi Beleri \u00ebsht\u00eb liruar me kusht sot nga burgu. Vendimi \u00ebsht\u00eb marr\u00eb nga Gjykata e Fierit.<\/p>\n<p>Belerit i kishte ende dhe 6 jav\u00eb nga koha e d\u00ebnimit.<\/p>\n<p>Fredi Beleri u zgjodh eurodeputet i kandiduar nga Demokracia e Re, greke, n\u00eb zgjedhjet europiane t\u00eb 9 qershorit.<\/p>\n<p>Pas d\u00ebnimit nga Apeli me 2 vite burg p\u00ebr korrupsion zgjedhor, Komisioni Qendror i Zgjedhjeve i hoqi Belerit mandatin e t\u00eb zgjedhurit si kryetar bashkie n\u00eb Himar\u00eb.<\/p>\n","protected":false},"excerpt":{"rendered":"<p>Fredi Beleri \u00ebsht\u00eb liruar me kusht sot nga burgu. Vendimi \u00ebsht\u00eb marr\u00eb nga Gjykata e Fierit. Belerit i kishte ende dhe 6 jav\u00eb nga koha e d\u00ebnimit. Fredi Beleri u zgjodh eurodeputet i kandiduar nga Demokracia e Re, greke, n\u00eb zgjedhjet europiane t\u00eb 9 qershorit. Pas d\u00ebnimit nga Apeli me 2 vite burg p\u00ebr korrupsion [&hellip;]<\/p>\n","protected":false},"author":5,"featured_media":59039,"comment_status":"closed","ping_status":"closed","sticky":false,"template":"","format":"standard","meta":{"footnotes":""},"categories":[1,6326,6332,29228],"tags":[32873],"class_list":{"0":"post-78427","1":"post","2":"type-post","3":"status-publish","4":"format-standard","5":"has-post-thumbnail","7":"category-aktualitet","8":"category-politike","9":"category-te-fundit","10":"category-vendi","11":"tag-lajm-i-fundit-lirohet-nga-burgu-fredi-beleri"},"_links":{"self":[{"href":"https:\/\/jugulajm.net\/index.php?rest_route=\/wp\/v2\/posts\/78427","targetHints":{"allow":["GET"]}}],"collection":[{"href":"https:\/\/jugulajm.net\/index.php?rest_route=\/wp\/v2\/posts"}],"about":[{"href":"https:\/\/jugulajm.net\/index.php?rest_route=\/wp\/v2\/types\/post"}],"author":[{"embeddable":true,"href":"https:\/\/jugulajm.net\/index.php?rest_route=\/wp\/v2\/users\/5"}],"replies":[{"embeddable":true,"href":"https:\/\/jugulajm.net\/index.php?rest_route=%2Fwp%2Fv2%2Fcomments&post=78427"}],"version-history":[{"count":0,"href":"https:\/\/jugulajm.net\/index.php?rest_route=\/wp\/v2\/posts\/78427\/revisions"}],"wp:featuredmedia":[{"embeddable":true,"href":"https:\/\/jugulajm.net\/index.php?rest_route=\/wp\/v2\/media\/59039"}],"wp:attachment":[{"href":"https:\/\/jugulajm.net\/index.php?rest_route=%2Fwp%2Fv2%2Fmedia&parent=78427"}],"wp:term":[{"taxonomy":"category","embeddable":true,"href":"https:\/\/jugulajm.net\/index.php?rest_route=%2Fwp%2Fv2%2Fcategories&post=78427"},{"taxonomy":"post_tag","embeddable":true,"href":"https:\/\/jugulajm.net\/index.php?rest_route=%2Fwp%2Fv2%2Ftags&post=78427"}],"curies":[{"name":"wp","href":"https:\/\/api.w.org\/{rel}","templated":true}]}}