{"id":78381,"date":"2024-08-31T20:25:57","date_gmt":"2024-08-31T18:25:57","guid":{"rendered":"https:\/\/jugulajm.net\/?p=78381"},"modified":"2024-08-31T20:25:57","modified_gmt":"2024-08-31T18:25:57","slug":"emrat-fotot-burri-lyen-me-benzine-gruan-i-ve-flaken-dhe-largohet","status":"publish","type":"post","link":"https:\/\/jugulajm.net\/?p=78381","title":{"rendered":"EMRAT-FOTOT\/ Burri lyen me benzin\u00eb gruan, i v\u00eb flak\u00ebn dhe largohet&#8230;"},"content":{"rendered":"<div class=\"xdj266r x11i5rnm xat24cr x1mh8g0r x1vvkbs x126k92a\">\n<div dir=\"auto\">Nj\u00eb ngjarje e r\u00ebnd\u00eb ka ndodhur n\u00eb qytetin e Kor\u00e7\u00ebs mesditen e sotme.<\/div>\n<div dir=\"auto\">Bledar Tr\u00ebndafili, 45-vje\u00e7 ka tentuar q\u00eb t\u00eb djeg\u00eb me benzin\u00eb gruan e tij Melisa Tr\u00ebndafili, me t\u00eb cil\u00ebn ishin t\u00eb proces divorci dhe jetonin t\u00eb ndar\u00eb.<\/div>\n<div dir=\"auto\"><\/div>\n<\/div>\n<div class=\"x11i5rnm xat24cr x1mh8g0r x1vvkbs xtlvy1s x126k92a\">\n<div dir=\"auto\">31-vje\u00e7arja ka qen\u00eb duke u kthyer nga puna n\u00eb sht\u00ebpi. Ish-bashk\u00ebshorti e ka ndaluar pak met\u00ebr larg sht\u00ebpis\u00eb, duke i hedhur n\u00eb trup nj\u00eb shishe me benzin\u00eb dhe me pas i ka v\u00ebn\u00eb flak\u00ebn.<\/div>\n<div dir=\"auto\"><\/div>\n<div dir=\"auto\">Pasi ka kryer aktin e r\u00ebnd\u00eb \u00ebsht\u00eb larguar me shpejt\u00ebsi, nd\u00ebrsa policia \u00ebsht\u00eb v\u00ebn\u00eb n\u00eb ndjekje t\u00eb tij.<\/div>\n<\/div>\n<div class=\"x11i5rnm xat24cr x1mh8g0r x1vvkbs xtlvy1s x126k92a\">\n<div dir=\"auto\">31-vje\u00e7arja ka p\u00ebsuar djegie t\u00eb shumta n\u00eb trup dhe pasi ka marr\u00eb ndihm\u00ebn e par\u00eb n\u00eb spitalin e Kor\u00e7\u00ebs, \u00ebsht\u00eb nisur p\u00ebr mjekim m\u00eb t\u00eb specializuar repartin e Sh\u00ebrbimit t\u00eb Djegies n\u00eb QSUT.<\/div>\n<\/div>\n","protected":false},"excerpt":{"rendered":"<p>Nj\u00eb ngjarje e r\u00ebnd\u00eb ka ndodhur n\u00eb qytetin e Kor\u00e7\u00ebs mesditen e sotme. Bledar Tr\u00ebndafili, 45-vje\u00e7 ka tentuar q\u00eb t\u00eb djeg\u00eb me benzin\u00eb gruan e tij Melisa Tr\u00ebndafili, me t\u00eb cil\u00ebn ishin t\u00eb proces divorci dhe jetonin t\u00eb ndar\u00eb. 31-vje\u00e7arja ka qen\u00eb duke u kthyer nga puna n\u00eb sht\u00ebpi. Ish-bashk\u00ebshorti e ka ndaluar pak met\u00ebr [&hellip;]<\/p>\n","protected":false},"author":5,"featured_media":78382,"comment_status":"closed","ping_status":"closed","sticky":false,"template":"","format":"standard","meta":{"footnotes":""},"categories":[1,6332,29228],"tags":[32852,32853],"class_list":{"0":"post-78381","1":"post","2":"type-post","3":"status-publish","4":"format-standard","5":"has-post-thumbnail","7":"category-aktualitet","8":"category-te-fundit","9":"category-vendi","10":"tag-emrat-fotot-burri-lyen-me-benzine-gruan","11":"tag-i-ve-flaken-dhe-largohet"},"_links":{"self":[{"href":"https:\/\/jugulajm.net\/index.php?rest_route=\/wp\/v2\/posts\/78381","targetHints":{"allow":["GET"]}}],"collection":[{"href":"https:\/\/jugulajm.net\/index.php?rest_route=\/wp\/v2\/posts"}],"about":[{"href":"https:\/\/jugulajm.net\/index.php?rest_route=\/wp\/v2\/types\/post"}],"author":[{"embeddable":true,"href":"https:\/\/jugulajm.net\/index.php?rest_route=\/wp\/v2\/users\/5"}],"replies":[{"embeddable":true,"href":"https:\/\/jugulajm.net\/index.php?rest_route=%2Fwp%2Fv2%2Fcomments&post=78381"}],"version-history":[{"count":0,"href":"https:\/\/jugulajm.net\/index.php?rest_route=\/wp\/v2\/posts\/78381\/revisions"}],"wp:featuredmedia":[{"embeddable":true,"href":"https:\/\/jugulajm.net\/index.php?rest_route=\/wp\/v2\/media\/78382"}],"wp:attachment":[{"href":"https:\/\/jugulajm.net\/index.php?rest_route=%2Fwp%2Fv2%2Fmedia&parent=78381"}],"wp:term":[{"taxonomy":"category","embeddable":true,"href":"https:\/\/jugulajm.net\/index.php?rest_route=%2Fwp%2Fv2%2Fcategories&post=78381"},{"taxonomy":"post_tag","embeddable":true,"href":"https:\/\/jugulajm.net\/index.php?rest_route=%2Fwp%2Fv2%2Ftags&post=78381"}],"curies":[{"name":"wp","href":"https:\/\/api.w.org\/{rel}","templated":true}]}}