{"id":78356,"date":"2024-08-30T19:46:50","date_gmt":"2024-08-30T17:46:50","guid":{"rendered":"https:\/\/jugulajm.net\/?p=78356"},"modified":"2024-08-30T19:46:50","modified_gmt":"2024-08-30T17:46:50","slug":"foto-motori-perplaset-me-benz-in-1-i-plagosur","status":"publish","type":"post","link":"https:\/\/jugulajm.net\/?p=78356","title":{"rendered":"FOTO\/ Motori p\u00ebrplaset me &#8220;Benz-in&#8221;, 1 i plagosur"},"content":{"rendered":"<p>Nj\u00eb aksident rrugor \u00ebsht\u00eb sh\u00ebnuar n\u00eb aksin Pogradec-Qaf\u00eb Than\u00eb pran\u00eb fshatit Ud\u00ebnisht.<\/p>\n<p>Nj\u00eb motor me t\u00eb cilin po udh\u00ebtonin dy turist\u00eb gjerman\u00eb ka goditur n\u00eb pjes\u00ebn e pasme nj\u00eb &#8220;Mercedez&#8221; me targa shqiptare.<\/p>\n<p>P\u00ebr pasoj\u00eb ka mbetur i plagosur drejtuesi i motorit, turist gjerman i cili \u00ebsht\u00eb transportuar drejt spitalit t\u00eb Pogradecit, jasht\u00eb rrezikut p\u00ebr jet\u00ebn.<\/p>\n<p>N\u00eb vendngjarje mb\u00ebrriti policia dhe grupi hetimor p\u00ebr zbardhjen e rrethanave.<\/p>\n","protected":false},"excerpt":{"rendered":"<p>Nj\u00eb aksident rrugor \u00ebsht\u00eb sh\u00ebnuar n\u00eb aksin Pogradec-Qaf\u00eb Than\u00eb pran\u00eb fshatit Ud\u00ebnisht. Nj\u00eb motor me t\u00eb cilin po udh\u00ebtonin dy turist\u00eb gjerman\u00eb ka goditur n\u00eb pjes\u00ebn e pasme nj\u00eb &#8220;Mercedez&#8221; me targa shqiptare. P\u00ebr pasoj\u00eb ka mbetur i plagosur drejtuesi i motorit, turist gjerman i cili \u00ebsht\u00eb transportuar drejt spitalit t\u00eb Pogradecit, jasht\u00eb rrezikut p\u00ebr [&hellip;]<\/p>\n","protected":false},"author":5,"featured_media":78357,"comment_status":"closed","ping_status":"closed","sticky":false,"template":"","format":"standard","meta":{"footnotes":""},"categories":[1,6332,29228],"tags":[22962,32840],"class_list":{"0":"post-78356","1":"post","2":"type-post","3":"status-publish","4":"format-standard","5":"has-post-thumbnail","7":"category-aktualitet","8":"category-te-fundit","9":"category-vendi","10":"tag-1-i-plagosur","11":"tag-foto-motori-perplaset-me-benz-in"},"_links":{"self":[{"href":"https:\/\/jugulajm.net\/index.php?rest_route=\/wp\/v2\/posts\/78356","targetHints":{"allow":["GET"]}}],"collection":[{"href":"https:\/\/jugulajm.net\/index.php?rest_route=\/wp\/v2\/posts"}],"about":[{"href":"https:\/\/jugulajm.net\/index.php?rest_route=\/wp\/v2\/types\/post"}],"author":[{"embeddable":true,"href":"https:\/\/jugulajm.net\/index.php?rest_route=\/wp\/v2\/users\/5"}],"replies":[{"embeddable":true,"href":"https:\/\/jugulajm.net\/index.php?rest_route=%2Fwp%2Fv2%2Fcomments&post=78356"}],"version-history":[{"count":0,"href":"https:\/\/jugulajm.net\/index.php?rest_route=\/wp\/v2\/posts\/78356\/revisions"}],"wp:featuredmedia":[{"embeddable":true,"href":"https:\/\/jugulajm.net\/index.php?rest_route=\/wp\/v2\/media\/78357"}],"wp:attachment":[{"href":"https:\/\/jugulajm.net\/index.php?rest_route=%2Fwp%2Fv2%2Fmedia&parent=78356"}],"wp:term":[{"taxonomy":"category","embeddable":true,"href":"https:\/\/jugulajm.net\/index.php?rest_route=%2Fwp%2Fv2%2Fcategories&post=78356"},{"taxonomy":"post_tag","embeddable":true,"href":"https:\/\/jugulajm.net\/index.php?rest_route=%2Fwp%2Fv2%2Ftags&post=78356"}],"curies":[{"name":"wp","href":"https:\/\/api.w.org\/{rel}","templated":true}]}}