{"id":78344,"date":"2024-08-30T13:16:01","date_gmt":"2024-08-30T11:16:01","guid":{"rendered":"https:\/\/jugulajm.net\/?p=78344"},"modified":"2024-08-30T13:20:28","modified_gmt":"2024-08-30T11:20:28","slug":"emri-foto-identifikohet-35-vjecari-i-vrare-para-pak-minutash-ne-lokal","status":"publish","type":"post","link":"https:\/\/jugulajm.net\/?p=78344","title":{"rendered":"EMRI-FOTO\/ Identifikohet 35-vje\u00e7ari i vrar\u00eb para pak minutash n\u00eb lokal"},"content":{"rendered":"<p>Qyteti i Shkodr\u00ebs \u00ebsht\u00eb tronditur nga nj\u00eb vrasje. Ngjarja e r\u00ebnd\u00eb raportohet se ka ndodhur k\u00ebt\u00eb t\u00eb premte (30 gusht) n\u00eb rrug\u00ebn \u201cIsuf Sokoli\u201d.<\/p>\n<p>Ngjarja ndodhi n\u00eb\u00a0 lokalin \u201cIsh gjuetari\u201d, n\u00eb lagjen Ahmet Haxhia, ku nj\u00eb person ende i paidentifikuar ka vrar\u00eb me arm\u00eb zjarri nj\u00eb shtetasin, Elis Rroshkodoli, rreth 35 vje\u00e7 dhe \u00ebsht\u00eb larguar me shpejt\u00ebsi n\u00eb k\u00ebmb\u00eb.<\/p>\n<p>Policia ka shkuar n\u00eb vendin e ngjarjes dhe ka rrethuar zon\u00ebn.<\/p>\n<p>Nd\u00ebrkoh\u00eb po punohet p\u00ebr zbardhjen e rrethanave t\u00eb ngjarjes.<\/p>\n<p>Emri i 35-vje\u00e7arit rezulton me precedent\u00eb t\u00eb m\u00ebparsh\u00ebm penal, pasi n\u00eb vitin 2023 ka plagosur me thik\u00eb nj\u00eb rumun dhe u arratis drejt Stambollit.<\/p>\n<p>Nd\u00ebrsa n\u00eb vitin 2014, \u00ebsht\u00eb arrestuar bashk\u00eb me nj\u00eb grup shqiptar\u00ebsh t\u00eb tjer\u00eb p\u00ebr grabitje n\u00eb Belgjik\u00eb.<\/p>\n<p><img loading=\"lazy\" loading=\"lazy\" decoding=\"async\" class=\"alignnone size-full wp-image-1294341\" src=\"https:\/\/gijotina.com\/wp-content\/uploads\/2024\/08\/elis-vikrime-shkoder.jpg\" sizes=\"auto, (max-width: 640px) 100vw, 640px\" srcset=\"https:\/\/gijotina.com\/wp-content\/uploads\/2024\/08\/elis-vikrime-shkoder.jpg 640w, https:\/\/gijotina.com\/wp-content\/uploads\/2024\/08\/elis-vikrime-shkoder-300x153.jpg 300w\" alt=\"\" width=\"640\" height=\"326\" data-pin-no-hover=\"true\" \/><\/p>\n","protected":false},"excerpt":{"rendered":"<p>Qyteti i Shkodr\u00ebs \u00ebsht\u00eb tronditur nga nj\u00eb vrasje. Ngjarja e r\u00ebnd\u00eb raportohet se ka ndodhur k\u00ebt\u00eb t\u00eb premte (30 gusht) n\u00eb rrug\u00ebn \u201cIsuf Sokoli\u201d. Ngjarja ndodhi n\u00eb\u00a0 lokalin \u201cIsh gjuetari\u201d, n\u00eb lagjen Ahmet Haxhia, ku nj\u00eb person ende i paidentifikuar ka vrar\u00eb me arm\u00eb zjarri nj\u00eb shtetasin, Elis Rroshkodoli, rreth 35 vje\u00e7 dhe \u00ebsht\u00eb larguar [&hellip;]<\/p>\n","protected":false},"author":5,"featured_media":63723,"comment_status":"closed","ping_status":"closed","sticky":false,"template":"","format":"standard","meta":{"footnotes":""},"categories":[1,6332,29228],"tags":[32833],"class_list":{"0":"post-78344","1":"post","2":"type-post","3":"status-publish","4":"format-standard","5":"has-post-thumbnail","7":"category-aktualitet","8":"category-te-fundit","9":"category-vendi","10":"tag-emri-foto-identifikohet-35-vjecari-i-vrare-para-pak-minutash-ne-lokal"},"_links":{"self":[{"href":"https:\/\/jugulajm.net\/index.php?rest_route=\/wp\/v2\/posts\/78344","targetHints":{"allow":["GET"]}}],"collection":[{"href":"https:\/\/jugulajm.net\/index.php?rest_route=\/wp\/v2\/posts"}],"about":[{"href":"https:\/\/jugulajm.net\/index.php?rest_route=\/wp\/v2\/types\/post"}],"author":[{"embeddable":true,"href":"https:\/\/jugulajm.net\/index.php?rest_route=\/wp\/v2\/users\/5"}],"replies":[{"embeddable":true,"href":"https:\/\/jugulajm.net\/index.php?rest_route=%2Fwp%2Fv2%2Fcomments&post=78344"}],"version-history":[{"count":0,"href":"https:\/\/jugulajm.net\/index.php?rest_route=\/wp\/v2\/posts\/78344\/revisions"}],"wp:featuredmedia":[{"embeddable":true,"href":"https:\/\/jugulajm.net\/index.php?rest_route=\/wp\/v2\/media\/63723"}],"wp:attachment":[{"href":"https:\/\/jugulajm.net\/index.php?rest_route=%2Fwp%2Fv2%2Fmedia&parent=78344"}],"wp:term":[{"taxonomy":"category","embeddable":true,"href":"https:\/\/jugulajm.net\/index.php?rest_route=%2Fwp%2Fv2%2Fcategories&post=78344"},{"taxonomy":"post_tag","embeddable":true,"href":"https:\/\/jugulajm.net\/index.php?rest_route=%2Fwp%2Fv2%2Ftags&post=78344"}],"curies":[{"name":"wp","href":"https:\/\/api.w.org\/{rel}","templated":true}]}}