{"id":78245,"date":"2024-08-26T19:15:24","date_gmt":"2024-08-26T17:15:24","guid":{"rendered":"https:\/\/jugulajm.net\/?p=78245"},"modified":"2024-08-26T19:15:24","modified_gmt":"2024-08-26T17:15:24","slug":"foto-aksident-i-3-fishte-kamioni-perfundoi-poshte-ures-plagoset-1-prej-shofereve","status":"publish","type":"post","link":"https:\/\/jugulajm.net\/?p=78245","title":{"rendered":"FOTO\/ Aksident i 3-fisht\u00eb, kamioni p\u00ebrfundoi posht\u00eb ur\u00ebs, plagoset 1 prej shofer\u00ebve"},"content":{"rendered":"<p>Nj\u00eb aksident i r\u00ebnd\u00eb automobilistik ka ndodhur k\u00ebt\u00eb pasdite n\u00eb aksin Elbasan-Peqin.<\/p>\n<p>N\u00eb aksident jan\u00eb p\u00ebrfshir\u00eb tre makina: nj\u00eb kamion dhe dy automjete.<\/p>\n<p>Si\u00e7 shikohet n\u00eb foto, kamioni pas p\u00ebrplasjes ka p\u00ebrfunduar posht\u00eb ur\u00ebs.<\/p>\n<p>Nd\u00ebrsa, nj\u00eb prej automjeteve \u00ebsht\u00eb d\u00ebmtuar jasht\u00ebzakonisht shum\u00eb.<\/p>\n<figure id=\"attachment_2509523\" class=\"wp-caption alignnone\" aria-describedby=\"caption-attachment-2509523\"><a href=\"https:\/\/www.balkanweb.com\/wp-content\/uploads\/2024\/08\/ELBASAN-AKSIDENTI.jpg\" rel=\"lightbox\"><img loading=\"lazy\" loading=\"lazy\" decoding=\"async\" class=\"wp-image-2509526 size-full\" src=\"https:\/\/www.balkanweb.com\/wp-content\/uploads\/2024\/08\/ELBASAN-AKSIDENTI.jpg\" sizes=\"auto, (max-width: 436px) 100vw, 436px\" srcset=\"https:\/\/www.balkanweb.com\/wp-content\/uploads\/2024\/08\/ELBASAN-AKSIDENTI.jpg 436w, https:\/\/www.balkanweb.com\/wp-content\/uploads\/2024\/08\/ELBASAN-AKSIDENTI-217x280.jpg 217w, https:\/\/www.balkanweb.com\/wp-content\/uploads\/2024\/08\/ELBASAN-AKSIDENTI-271x350.jpg 271w, https:\/\/www.balkanweb.com\/wp-content\/uploads\/2024\/08\/ELBASAN-AKSIDENTI-204x263.jpg 204w, https:\/\/www.balkanweb.com\/wp-content\/uploads\/2024\/08\/ELBASAN-AKSIDENTI-62x80.jpg 62w, https:\/\/www.balkanweb.com\/wp-content\/uploads\/2024\/08\/ELBASAN-AKSIDENTI-348x450.jpg 348w\" alt=\"Elbasan Aksidenti\" width=\"436\" height=\"563\" \/><\/a><\/figure>\n<figure id=\"attachment_2509527\" class=\"wp-caption alignnone\" aria-describedby=\"caption-attachment-2509527\"><a href=\"https:\/\/www.balkanweb.com\/wp-content\/uploads\/2024\/08\/AKSIDENT-NE-ELBASAN-6.jpg\" rel=\"lightbox\"><img loading=\"lazy\" loading=\"lazy\" decoding=\"async\" class=\"wp-image-2509527 size-full\" src=\"https:\/\/www.balkanweb.com\/wp-content\/uploads\/2024\/08\/AKSIDENT-NE-ELBASAN-6.jpg\" sizes=\"auto, (max-width: 393px) 100vw, 393px\" srcset=\"https:\/\/www.balkanweb.com\/wp-content\/uploads\/2024\/08\/AKSIDENT-NE-ELBASAN-6.jpg 393w, https:\/\/www.balkanweb.com\/wp-content\/uploads\/2024\/08\/AKSIDENT-NE-ELBASAN-6-205x280.jpg 205w, https:\/\/www.balkanweb.com\/wp-content\/uploads\/2024\/08\/AKSIDENT-NE-ELBASAN-6-257x350.jpg 257w, https:\/\/www.balkanweb.com\/wp-content\/uploads\/2024\/08\/AKSIDENT-NE-ELBASAN-6-193x263.jpg 193w, https:\/\/www.balkanweb.com\/wp-content\/uploads\/2024\/08\/AKSIDENT-NE-ELBASAN-6-59x80.jpg 59w, https:\/\/www.balkanweb.com\/wp-content\/uploads\/2024\/08\/AKSIDENT-NE-ELBASAN-6-330x450.jpg 330w\" alt=\"Aksident Ne Elbasan 6\" width=\"393\" height=\"536\" \/><\/a><\/figure>\n<figure id=\"attachment_2509529\" class=\"wp-caption alignnone\" aria-describedby=\"caption-attachment-2509529\"><a href=\"https:\/\/www.balkanweb.com\/wp-content\/uploads\/2024\/08\/ELBASAN-AKSIDENTI-6.jpg\" rel=\"lightbox\"><img loading=\"lazy\" loading=\"lazy\" decoding=\"async\" class=\"wp-image-2509529 size-full\" src=\"https:\/\/www.balkanweb.com\/wp-content\/uploads\/2024\/08\/ELBASAN-AKSIDENTI-6.jpg\" sizes=\"auto, (max-width: 436px) 100vw, 436px\" srcset=\"https:\/\/www.balkanweb.com\/wp-content\/uploads\/2024\/08\/ELBASAN-AKSIDENTI-6.jpg 436w, https:\/\/www.balkanweb.com\/wp-content\/uploads\/2024\/08\/ELBASAN-AKSIDENTI-6-217x280.jpg 217w, https:\/\/www.balkanweb.com\/wp-content\/uploads\/2024\/08\/ELBASAN-AKSIDENTI-6-272x350.jpg 272w, https:\/\/www.balkanweb.com\/wp-content\/uploads\/2024\/08\/ELBASAN-AKSIDENTI-6-204x263.jpg 204w, https:\/\/www.balkanweb.com\/wp-content\/uploads\/2024\/08\/ELBASAN-AKSIDENTI-6-62x80.jpg 62w, https:\/\/www.balkanweb.com\/wp-content\/uploads\/2024\/08\/ELBASAN-AKSIDENTI-6-349x450.jpg 349w\" alt=\"Elbasan Aksidenti 6\" width=\"436\" height=\"562\" \/><\/a><\/figure>\n<p>Makina tjet\u00ebr \u00ebsht\u00eb n\u00eb nj\u00eb gjendje m\u00eb t\u00eb mir\u00eb.<\/p>\n<p>Nga aksidenti, nj\u00eb nga shofer\u00ebt e automjeteve \u00ebsht\u00eb plagosur dhe \u00ebsht\u00eb nisur drejt Spitalit t\u00eb Traum\u00ebs.<\/p>\n","protected":false},"excerpt":{"rendered":"<p>Nj\u00eb aksident i r\u00ebnd\u00eb automobilistik ka ndodhur k\u00ebt\u00eb pasdite n\u00eb aksin Elbasan-Peqin. N\u00eb aksident jan\u00eb p\u00ebrfshir\u00eb tre makina: nj\u00eb kamion dhe dy automjete. Si\u00e7 shikohet n\u00eb foto, kamioni pas p\u00ebrplasjes ka p\u00ebrfunduar posht\u00eb ur\u00ebs. Nd\u00ebrsa, nj\u00eb prej automjeteve \u00ebsht\u00eb d\u00ebmtuar jasht\u00ebzakonisht shum\u00eb. Makina tjet\u00ebr \u00ebsht\u00eb n\u00eb nj\u00eb gjendje m\u00eb t\u00eb mir\u00eb. Nga aksidenti, nj\u00eb nga [&hellip;]<\/p>\n","protected":false},"author":5,"featured_media":78246,"comment_status":"closed","ping_status":"closed","sticky":false,"template":"","format":"standard","meta":{"footnotes":""},"categories":[1,6332,29228],"tags":[32778,32779,25957],"class_list":{"0":"post-78245","1":"post","2":"type-post","3":"status-publish","4":"format-standard","5":"has-post-thumbnail","7":"category-aktualitet","8":"category-te-fundit","9":"category-vendi","10":"tag-foto-aksident-i-3-fishte","11":"tag-kamioni-perfundoi-poshte-ures","12":"tag-plagoset-1-prej-shofereve"},"_links":{"self":[{"href":"https:\/\/jugulajm.net\/index.php?rest_route=\/wp\/v2\/posts\/78245","targetHints":{"allow":["GET"]}}],"collection":[{"href":"https:\/\/jugulajm.net\/index.php?rest_route=\/wp\/v2\/posts"}],"about":[{"href":"https:\/\/jugulajm.net\/index.php?rest_route=\/wp\/v2\/types\/post"}],"author":[{"embeddable":true,"href":"https:\/\/jugulajm.net\/index.php?rest_route=\/wp\/v2\/users\/5"}],"replies":[{"embeddable":true,"href":"https:\/\/jugulajm.net\/index.php?rest_route=%2Fwp%2Fv2%2Fcomments&post=78245"}],"version-history":[{"count":0,"href":"https:\/\/jugulajm.net\/index.php?rest_route=\/wp\/v2\/posts\/78245\/revisions"}],"wp:featuredmedia":[{"embeddable":true,"href":"https:\/\/jugulajm.net\/index.php?rest_route=\/wp\/v2\/media\/78246"}],"wp:attachment":[{"href":"https:\/\/jugulajm.net\/index.php?rest_route=%2Fwp%2Fv2%2Fmedia&parent=78245"}],"wp:term":[{"taxonomy":"category","embeddable":true,"href":"https:\/\/jugulajm.net\/index.php?rest_route=%2Fwp%2Fv2%2Fcategories&post=78245"},{"taxonomy":"post_tag","embeddable":true,"href":"https:\/\/jugulajm.net\/index.php?rest_route=%2Fwp%2Fv2%2Ftags&post=78245"}],"curies":[{"name":"wp","href":"https:\/\/api.w.org\/{rel}","templated":true}]}}