{"id":78214,"date":"2024-08-25T21:07:40","date_gmt":"2024-08-25T19:07:40","guid":{"rendered":"https:\/\/jugulajm.net\/?p=78214"},"modified":"2024-08-25T21:07:40","modified_gmt":"2024-08-25T19:07:40","slug":"emri-sarande-humb-jeten-73-vjecari-po-lahej-ne-det-kur","status":"publish","type":"post","link":"https:\/\/jugulajm.net\/?p=78214","title":{"rendered":"EMRI\/ Sarand\u00eb, humb jet\u00ebn 73-vje\u00e7ari, po lahej ne det kur&#8230;"},"content":{"rendered":"<p>Nj\u00eb 73-vjecar suedez ka nd\u00ebrruar jet\u00eb dit\u00ebn e sotme n\u00eb nj\u00eb nga plazhet private n\u00eb lagjen nr.1 t\u00eb Sarand\u00ebs.<\/p>\n<p>Ngjarja ka ndodhur rreth or\u00ebs 12.00 t\u00eb dit\u00ebs s\u00eb sotme, kur Benqt Old Tixer, 73 vjec nga Suedia, pasi \u00ebsht\u00eb futur n\u00eb uj\u00eb, disa minuta m\u00eb pas ka humbur ndjenjat.<\/p>\n<p>Pushues t\u00eb tjer\u00eb n\u00eb vendin e ngjarjes i kan\u00eb dh\u00ebn\u00eb ndihm\u00ebn e par\u00eb deri sa ka mb\u00ebrritur autoambulanca.<\/p>\n<p>Edhe pse \u00ebsht\u00eb transportuar drejt Spitalit t\u00eb Sarand\u00ebs, 73-vjecari ka nd\u00ebrruar jet\u00eb.<\/p>\n","protected":false},"excerpt":{"rendered":"<p>Nj\u00eb 73-vjecar suedez ka nd\u00ebrruar jet\u00eb dit\u00ebn e sotme n\u00eb nj\u00eb nga plazhet private n\u00eb lagjen nr.1 t\u00eb Sarand\u00ebs. Ngjarja ka ndodhur rreth or\u00ebs 12.00 t\u00eb dit\u00ebs s\u00eb sotme, kur Benqt Old Tixer, 73 vjec nga Suedia, pasi \u00ebsht\u00eb futur n\u00eb uj\u00eb, disa minuta m\u00eb pas ka humbur ndjenjat. Pushues t\u00eb tjer\u00eb n\u00eb vendin e [&hellip;]<\/p>\n","protected":false},"author":5,"featured_media":47270,"comment_status":"closed","ping_status":"closed","sticky":false,"template":"","format":"standard","meta":{"footnotes":""},"categories":[1,6332,29228],"tags":[25887,20977,32765],"class_list":{"0":"post-78214","1":"post","2":"type-post","3":"status-publish","4":"format-standard","5":"has-post-thumbnail","7":"category-aktualitet","8":"category-te-fundit","9":"category-vendi","10":"tag-emri-sarande","11":"tag-humb-jeten-73-vjecari","12":"tag-po-lahej-ne-det-kur"},"_links":{"self":[{"href":"https:\/\/jugulajm.net\/index.php?rest_route=\/wp\/v2\/posts\/78214","targetHints":{"allow":["GET"]}}],"collection":[{"href":"https:\/\/jugulajm.net\/index.php?rest_route=\/wp\/v2\/posts"}],"about":[{"href":"https:\/\/jugulajm.net\/index.php?rest_route=\/wp\/v2\/types\/post"}],"author":[{"embeddable":true,"href":"https:\/\/jugulajm.net\/index.php?rest_route=\/wp\/v2\/users\/5"}],"replies":[{"embeddable":true,"href":"https:\/\/jugulajm.net\/index.php?rest_route=%2Fwp%2Fv2%2Fcomments&post=78214"}],"version-history":[{"count":0,"href":"https:\/\/jugulajm.net\/index.php?rest_route=\/wp\/v2\/posts\/78214\/revisions"}],"wp:featuredmedia":[{"embeddable":true,"href":"https:\/\/jugulajm.net\/index.php?rest_route=\/wp\/v2\/media\/47270"}],"wp:attachment":[{"href":"https:\/\/jugulajm.net\/index.php?rest_route=%2Fwp%2Fv2%2Fmedia&parent=78214"}],"wp:term":[{"taxonomy":"category","embeddable":true,"href":"https:\/\/jugulajm.net\/index.php?rest_route=%2Fwp%2Fv2%2Fcategories&post=78214"},{"taxonomy":"post_tag","embeddable":true,"href":"https:\/\/jugulajm.net\/index.php?rest_route=%2Fwp%2Fv2%2Ftags&post=78214"}],"curies":[{"name":"wp","href":"https:\/\/api.w.org\/{rel}","templated":true}]}}