{"id":78197,"date":"2024-08-25T14:06:10","date_gmt":"2024-08-25T12:06:10","guid":{"rendered":"https:\/\/jugulajm.net\/?p=78197"},"modified":"2024-08-25T14:06:10","modified_gmt":"2024-08-25T12:06:10","slug":"emri-arrestohet-61-vjecari-mori-rrugen-nga-pogradeci-per-te-vjedhur-ne-sarande-por","status":"publish","type":"post","link":"https:\/\/jugulajm.net\/?p=78197","title":{"rendered":"EMRI\/ Arrestohet 61-vje\u00e7ari, mori rrug\u00ebn nga Pogradeci p\u00ebr t\u00eb vjedhur n\u00eb Sarand\u00eb, por&#8230;"},"content":{"rendered":"<p>Nj\u00eb 61-vje\u00e7ar nga Pogradeci \u00ebsht\u00eb arrestuar nga policia, pasi ka grabitur pushuesit n\u00eb bregdetin e Sarand\u00ebs.<\/p>\n<p>Policia b\u00ebn me dije se n\u00eb pranga ka r\u00ebn\u00eb, Fatos Mu\u00e7o, i cili akuzohet p\u00ebr vepr\u00ebn penale \u201cvjedhje me dhun\u00eb\u201d.<\/p>\n<p>Nga hetimet paraprake rezulton se dit\u00ebn e djeshme n\u00eb lagjen nr. 2, Sarand\u00eb, ai ka vjedhur me dhun\u00eb nj\u00eb shum\u00eb parash dhe nj\u00eb USB nga automjeti i nj\u00eb shtetaseje dhe \u00ebsht\u00eb larguar me vrap.<\/p>\n<p>Hetimet p\u00ebr rastin i kaluan prokuroris\u00eb vendore, teksa po krahasohen gjurm\u00ebt daktiloskopike t\u00eb t\u00eb ndaluarit, n\u00ebse \u00ebsht\u00eb i p\u00ebrfshir\u00eb edhe n\u00eb ngjarje t\u00eb tjera kriminale t\u00eb ngjashme.<\/p>\n","protected":false},"excerpt":{"rendered":"<p>Nj\u00eb 61-vje\u00e7ar nga Pogradeci \u00ebsht\u00eb arrestuar nga policia, pasi ka grabitur pushuesit n\u00eb bregdetin e Sarand\u00ebs. Policia b\u00ebn me dije se n\u00eb pranga ka r\u00ebn\u00eb, Fatos Mu\u00e7o, i cili akuzohet p\u00ebr vepr\u00ebn penale \u201cvjedhje me dhun\u00eb\u201d. Nga hetimet paraprake rezulton se dit\u00ebn e djeshme n\u00eb lagjen nr. 2, Sarand\u00eb, ai ka vjedhur me dhun\u00eb nj\u00eb [&hellip;]<\/p>\n","protected":false},"author":5,"featured_media":51993,"comment_status":"closed","ping_status":"closed","sticky":false,"template":"","format":"standard","meta":{"footnotes":""},"categories":[1,6332,29228],"tags":[32756,32757,21429],"class_list":{"0":"post-78197","1":"post","2":"type-post","3":"status-publish","4":"format-standard","5":"has-post-thumbnail","7":"category-aktualitet","8":"category-te-fundit","9":"category-vendi","10":"tag-emri-arrestohet-61-vjecari","11":"tag-mori-rrugen-nga-pogradeci-per-te-vjedhur-ne-sarande","12":"tag-por"},"_links":{"self":[{"href":"https:\/\/jugulajm.net\/index.php?rest_route=\/wp\/v2\/posts\/78197","targetHints":{"allow":["GET"]}}],"collection":[{"href":"https:\/\/jugulajm.net\/index.php?rest_route=\/wp\/v2\/posts"}],"about":[{"href":"https:\/\/jugulajm.net\/index.php?rest_route=\/wp\/v2\/types\/post"}],"author":[{"embeddable":true,"href":"https:\/\/jugulajm.net\/index.php?rest_route=\/wp\/v2\/users\/5"}],"replies":[{"embeddable":true,"href":"https:\/\/jugulajm.net\/index.php?rest_route=%2Fwp%2Fv2%2Fcomments&post=78197"}],"version-history":[{"count":0,"href":"https:\/\/jugulajm.net\/index.php?rest_route=\/wp\/v2\/posts\/78197\/revisions"}],"wp:featuredmedia":[{"embeddable":true,"href":"https:\/\/jugulajm.net\/index.php?rest_route=\/wp\/v2\/media\/51993"}],"wp:attachment":[{"href":"https:\/\/jugulajm.net\/index.php?rest_route=%2Fwp%2Fv2%2Fmedia&parent=78197"}],"wp:term":[{"taxonomy":"category","embeddable":true,"href":"https:\/\/jugulajm.net\/index.php?rest_route=%2Fwp%2Fv2%2Fcategories&post=78197"},{"taxonomy":"post_tag","embeddable":true,"href":"https:\/\/jugulajm.net\/index.php?rest_route=%2Fwp%2Fv2%2Ftags&post=78197"}],"curies":[{"name":"wp","href":"https:\/\/api.w.org\/{rel}","templated":true}]}}