{"id":78174,"date":"2024-08-24T18:04:06","date_gmt":"2024-08-24T16:04:06","guid":{"rendered":"https:\/\/jugulajm.net\/?p=78174"},"modified":"2024-08-24T18:04:31","modified_gmt":"2024-08-24T16:04:31","slug":"greqi-humb-jeten-shqiptari-33-vjecar-u-perplas-me-shtyllen-teksa-ecte-me-motor","status":"publish","type":"post","link":"https:\/\/jugulajm.net\/?p=78174","title":{"rendered":"Greqi, humb jet\u00ebn shqiptari 33-vje\u00e7ar, u p\u00ebrplas me shtyll\u00ebn teksa ecte me motor"},"content":{"rendered":"<p>Nj\u00eb 33-vje\u00e7ar shqiptar ka humbur jet\u00ebn n\u00eb zon\u00ebn e Alikianos, n\u00eb Kret\u00eb t\u00eb Greqis\u00eb pas nj\u00eb aksidenti me moto\u00e7iklet\u00eb.<\/p>\n<p>Pas nj\u00eb feste n\u00eb zon\u00eb, 33-vje\u00e7ari ka humbur kontrollon e motorit m\u00eb t\u00eb cilin udh\u00ebtonte, duke u p\u00ebrplasur me nj\u00eb shtyll\u00eb t\u00eb energjis\u00eb elektrike.<\/p>\n<p>Raportohet se viktima me origjin\u00eb shqiptare ishte rritur n\u00eb Greqi dhe banonte n\u00eb zon\u00ebn e Vatolakkos.<\/p>\n","protected":false},"excerpt":{"rendered":"<p>Nj\u00eb 33-vje\u00e7ar shqiptar ka humbur jet\u00ebn n\u00eb zon\u00ebn e Alikianos, n\u00eb Kret\u00eb t\u00eb Greqis\u00eb pas nj\u00eb aksidenti me moto\u00e7iklet\u00eb. Pas nj\u00eb feste n\u00eb zon\u00eb, 33-vje\u00e7ari ka humbur kontrollon e motorit m\u00eb t\u00eb cilin udh\u00ebtonte, duke u p\u00ebrplasur me nj\u00eb shtyll\u00eb t\u00eb energjis\u00eb elektrike. Raportohet se viktima me origjin\u00eb shqiptare ishte rritur n\u00eb Greqi dhe banonte [&hellip;]<\/p>\n","protected":false},"author":5,"featured_media":59807,"comment_status":"closed","ping_status":"closed","sticky":false,"template":"","format":"standard","meta":{"footnotes":""},"categories":[1,6332],"tags":[26537,32745,32746],"class_list":{"0":"post-78174","1":"post","2":"type-post","3":"status-publish","4":"format-standard","5":"has-post-thumbnail","7":"category-aktualitet","8":"category-te-fundit","9":"tag-greqi","10":"tag-humb-jeten-shqiptari-33-vjecar","11":"tag-u-perplas-me-shtyllen-teksa-ecte-me-motor"},"_links":{"self":[{"href":"https:\/\/jugulajm.net\/index.php?rest_route=\/wp\/v2\/posts\/78174","targetHints":{"allow":["GET"]}}],"collection":[{"href":"https:\/\/jugulajm.net\/index.php?rest_route=\/wp\/v2\/posts"}],"about":[{"href":"https:\/\/jugulajm.net\/index.php?rest_route=\/wp\/v2\/types\/post"}],"author":[{"embeddable":true,"href":"https:\/\/jugulajm.net\/index.php?rest_route=\/wp\/v2\/users\/5"}],"replies":[{"embeddable":true,"href":"https:\/\/jugulajm.net\/index.php?rest_route=%2Fwp%2Fv2%2Fcomments&post=78174"}],"version-history":[{"count":0,"href":"https:\/\/jugulajm.net\/index.php?rest_route=\/wp\/v2\/posts\/78174\/revisions"}],"wp:featuredmedia":[{"embeddable":true,"href":"https:\/\/jugulajm.net\/index.php?rest_route=\/wp\/v2\/media\/59807"}],"wp:attachment":[{"href":"https:\/\/jugulajm.net\/index.php?rest_route=%2Fwp%2Fv2%2Fmedia&parent=78174"}],"wp:term":[{"taxonomy":"category","embeddable":true,"href":"https:\/\/jugulajm.net\/index.php?rest_route=%2Fwp%2Fv2%2Fcategories&post=78174"},{"taxonomy":"post_tag","embeddable":true,"href":"https:\/\/jugulajm.net\/index.php?rest_route=%2Fwp%2Fv2%2Ftags&post=78174"}],"curies":[{"name":"wp","href":"https:\/\/api.w.org\/{rel}","templated":true}]}}