{"id":78088,"date":"2024-08-21T18:22:40","date_gmt":"2024-08-21T16:22:40","guid":{"rendered":"https:\/\/jugulajm.net\/?p=78088"},"modified":"2024-08-21T18:22:40","modified_gmt":"2024-08-21T16:22:40","slug":"vetedorezohet-efektivi-i-policise-erjon-goxhara","status":"publish","type":"post","link":"https:\/\/jugulajm.net\/?p=78088","title":{"rendered":"Vet\u00ebdor\u00ebzohet efektivi i policis\u00eb Erjon Goxhara"},"content":{"rendered":"<p>Efektivi i policis\u00eb Erjon Goxhara \u00ebsht\u00eb vet\u00ebdor\u00ebzuar k\u00ebt\u00eb t\u00eb m\u00ebrkur\u00eb n\u00eb Policin\u00eb e Tiran\u00ebs.<\/p>\n<p>Ai ndodhej n\u00eb k\u00ebrkim q\u00eb prej dit\u00ebs s\u00eb h\u00ebn\u00eb, kur q\u00eblloi me arm\u00eb zjarri 45-vje\u00e7arin Lorenc Kosta, n\u00eb zon\u00ebn e \u201cKomun\u00ebs s\u00eb Parisit\u201d.<\/p>\n<p>\u201cN\u00eb vijim t\u00eb informacionit t\u00eb dh\u00ebn\u00eb m\u00eb dat\u00eb 19.08.2024, p\u00ebr ngjarjen e ndodhur n\u00eb af\u00ebrsi t\u00eb nj\u00eb marketi n\u00eb rrug\u00ebn \u201cTish Daija\u201d, sot, rreth or\u00ebs 17:00, \u00ebsht\u00eb vet\u00ebdor\u00ebzuar n\u00eb Drejtorin\u00eb Vendore t\u00eb Policis\u00eb Tiran\u00eb, s\u00eb bashku me arm\u00ebn e sh\u00ebrbimit me t\u00eb cil\u00ebn ka kryer vepr\u00ebn penale, shtetasi Erjon Goxhara, 46 vje\u00e7\u201d, tha Policia e Tiran\u00ebs n\u00eb nj\u00eb njoftim p\u00ebr mediat.<\/p>\n<p>Goxhara e q\u00eblloi Kost\u00ebn me 6 plumba n\u00eb pjes\u00ebn e gjymtyr\u00ebve duke e l\u00ebn\u00eb t\u00eb plagosur.<\/p>\n<p>Shkak p\u00ebr ngjarjen u b\u00eb lidhja sentimentale q\u00eb 45-vje\u00e7ari kishte me bashk\u00ebshorten e efektivit t\u00eb policis\u00eb.<\/p>\n","protected":false},"excerpt":{"rendered":"<p>Efektivi i policis\u00eb Erjon Goxhara \u00ebsht\u00eb vet\u00ebdor\u00ebzuar k\u00ebt\u00eb t\u00eb m\u00ebrkur\u00eb n\u00eb Policin\u00eb e Tiran\u00ebs. Ai ndodhej n\u00eb k\u00ebrkim q\u00eb prej dit\u00ebs s\u00eb h\u00ebn\u00eb, kur q\u00eblloi me arm\u00eb zjarri 45-vje\u00e7arin Lorenc Kosta, n\u00eb zon\u00ebn e \u201cKomun\u00ebs s\u00eb Parisit\u201d. \u201cN\u00eb vijim t\u00eb informacionit t\u00eb dh\u00ebn\u00eb m\u00eb dat\u00eb 19.08.2024, p\u00ebr ngjarjen e ndodhur n\u00eb af\u00ebrsi t\u00eb nj\u00eb marketi [&hellip;]<\/p>\n","protected":false},"author":5,"featured_media":77942,"comment_status":"closed","ping_status":"closed","sticky":false,"template":"","format":"standard","meta":{"footnotes":""},"categories":[1,6332,29228],"tags":[32710],"class_list":{"0":"post-78088","1":"post","2":"type-post","3":"status-publish","4":"format-standard","5":"has-post-thumbnail","7":"category-aktualitet","8":"category-te-fundit","9":"category-vendi","10":"tag-vetedorezohet-efektivi-i-policise-erjon-goxhara"},"_links":{"self":[{"href":"https:\/\/jugulajm.net\/index.php?rest_route=\/wp\/v2\/posts\/78088","targetHints":{"allow":["GET"]}}],"collection":[{"href":"https:\/\/jugulajm.net\/index.php?rest_route=\/wp\/v2\/posts"}],"about":[{"href":"https:\/\/jugulajm.net\/index.php?rest_route=\/wp\/v2\/types\/post"}],"author":[{"embeddable":true,"href":"https:\/\/jugulajm.net\/index.php?rest_route=\/wp\/v2\/users\/5"}],"replies":[{"embeddable":true,"href":"https:\/\/jugulajm.net\/index.php?rest_route=%2Fwp%2Fv2%2Fcomments&post=78088"}],"version-history":[{"count":0,"href":"https:\/\/jugulajm.net\/index.php?rest_route=\/wp\/v2\/posts\/78088\/revisions"}],"wp:featuredmedia":[{"embeddable":true,"href":"https:\/\/jugulajm.net\/index.php?rest_route=\/wp\/v2\/media\/77942"}],"wp:attachment":[{"href":"https:\/\/jugulajm.net\/index.php?rest_route=%2Fwp%2Fv2%2Fmedia&parent=78088"}],"wp:term":[{"taxonomy":"category","embeddable":true,"href":"https:\/\/jugulajm.net\/index.php?rest_route=%2Fwp%2Fv2%2Fcategories&post=78088"},{"taxonomy":"post_tag","embeddable":true,"href":"https:\/\/jugulajm.net\/index.php?rest_route=%2Fwp%2Fv2%2Ftags&post=78088"}],"curies":[{"name":"wp","href":"https:\/\/api.w.org\/{rel}","templated":true}]}}