{"id":77972,"date":"2024-08-20T09:55:11","date_gmt":"2024-08-20T07:55:11","guid":{"rendered":"https:\/\/jugulajm.net\/?p=77972"},"modified":"2024-08-20T09:56:03","modified_gmt":"2024-08-20T07:56:03","slug":"emri-vritet-68-vjecari-u-qellua-me-arme-zjarri-nga-dritarja-e-dhomes","status":"publish","type":"post","link":"https:\/\/jugulajm.net\/?p=77972","title":{"rendered":"EMRI\/ Vri\u021bet 68-vje\u00e7ari, u q\u00ebllua me arm\u00eb zjarri nga dritarja e dhom\u00ebs"},"content":{"rendered":"<p>Nj\u00eb 68-vje\u00e7ar \u00ebsht\u00eb gjetur i vrar\u00eb me arm\u00eb zjarri n\u00eb banes\u00ebn e tij n\u00eb fshatin Lajthiz\u00eb n\u00eb Mirdit\u00eb. 68-vje\u00e7ari, Frederik Radi, kalonte muajt e ver\u00ebs n\u00eb k\u00ebt\u00eb banes\u00eb, por ka gjetur vdekjen n\u00eb rrethana ende t\u00eb paqarta. Sipas policis\u00eb, ai \u00ebsht\u00eb q\u00eblluar me arm\u00eb zjarri nga dritarja e dhom\u00ebs ku flinte.<\/p>\n<p>68-vje\u00e7ari \u00ebsht\u00eb gjetur dy dit\u00eb pas vrasjes nga e bija. Pasi ka humbur kontaktet me baban\u00eb, e bija ka shkuar n\u00eb banes\u00eb, por t\u00eb atin e ka gjetur t\u00eb shtrir\u00eb n\u00eb banes\u00eb pa shenja jeta.<\/p>\n<p>M\u00eb dat\u00eb 20 gusht ajo ka b\u00ebr\u00eb denoncimin n\u00eb polici se ka gjetur baban\u00eb t\u00eb pajet\u00eb, nd\u00ebrsa kontaktet me t\u00eb i kishte humbur prej dat\u00ebs 18 gusht.<\/p>\n<p>\u201cM\u00eb dat\u00eb 20.08.2024, shtetasja L. Radi ka njoftuar Policin\u00eb se ka gjetur t\u00eb pajet\u00eb baban\u00eb e saj, shtetasin Frederik Radi, 68 vje\u00e7, n\u00eb banes\u00ebn e familjes n\u00eb fshatin Lajthiz\u00eb, nj\u00ebsia administrative Orosh, ku 68-vje\u00e7ari kalonte muajt e ver\u00ebs. Prej 2 dit\u00ebsh ai kishte humbur kontaktet me familjar\u00ebt.<\/p>\n<p>Menj\u00ebher\u00eb drejt vendit t\u00eb ngjarjes jan\u00eb nisur sh\u00ebrbimet e Policis\u00eb vendore dhe grupi i posa\u00e7\u00ebm hetimor. Nga k\u00ebqyrja paraprake e vendit t\u00eb ngjarjes dyshohet se 68-vje\u00e7ari \u00ebsht\u00eb q\u00eblluar me arm\u00eb zjarri, nga dritarja e dhom\u00ebs ku flinte, dhe si pasoj\u00eb ka humbur jet\u00ebn\u201d, njofton policia.<\/p>\n<p>P\u00ebr zbardhjen e ngjarjes, policia ka shoq\u00ebruar disa banor\u00eb t\u00eb zon\u00ebs t\u00eb cil\u00ebt jan\u00eb marr\u00eb n\u00eb pyetje. Motivi i vrasjes dhe rrethanat jan\u00eb ende t\u00eb paqarta, nd\u00ebrsa Prokuroria po kryhen hetime intensive p\u00ebr t\u00eb identifikuar dhe kapur autorin\/\u00ebt.<\/p>\n","protected":false},"excerpt":{"rendered":"<p>Nj\u00eb 68-vje\u00e7ar \u00ebsht\u00eb gjetur i vrar\u00eb me arm\u00eb zjarri n\u00eb banes\u00ebn e tij n\u00eb fshatin Lajthiz\u00eb n\u00eb Mirdit\u00eb. 68-vje\u00e7ari, Frederik Radi, kalonte muajt e ver\u00ebs n\u00eb k\u00ebt\u00eb banes\u00eb, por ka gjetur vdekjen n\u00eb rrethana ende t\u00eb paqarta. Sipas policis\u00eb, ai \u00ebsht\u00eb q\u00eblluar me arm\u00eb zjarri nga dritarja e dhom\u00ebs ku flinte. 68-vje\u00e7ari \u00ebsht\u00eb gjetur dy [&hellip;]<\/p>\n","protected":false},"author":5,"featured_media":64318,"comment_status":"closed","ping_status":"closed","sticky":false,"template":"","format":"standard","meta":{"footnotes":""},"categories":[1,6332,29228],"tags":[32690,32691],"class_list":{"0":"post-77972","1":"post","2":"type-post","3":"status-publish","4":"format-standard","5":"has-post-thumbnail","7":"category-aktualitet","8":"category-te-fundit","9":"category-vendi","10":"tag-emri-vritet-68-vjecari","11":"tag-u-qellua-me-arme-zjarri-nga-dritarja-e-dhomes"},"_links":{"self":[{"href":"https:\/\/jugulajm.net\/index.php?rest_route=\/wp\/v2\/posts\/77972","targetHints":{"allow":["GET"]}}],"collection":[{"href":"https:\/\/jugulajm.net\/index.php?rest_route=\/wp\/v2\/posts"}],"about":[{"href":"https:\/\/jugulajm.net\/index.php?rest_route=\/wp\/v2\/types\/post"}],"author":[{"embeddable":true,"href":"https:\/\/jugulajm.net\/index.php?rest_route=\/wp\/v2\/users\/5"}],"replies":[{"embeddable":true,"href":"https:\/\/jugulajm.net\/index.php?rest_route=%2Fwp%2Fv2%2Fcomments&post=77972"}],"version-history":[{"count":0,"href":"https:\/\/jugulajm.net\/index.php?rest_route=\/wp\/v2\/posts\/77972\/revisions"}],"wp:featuredmedia":[{"embeddable":true,"href":"https:\/\/jugulajm.net\/index.php?rest_route=\/wp\/v2\/media\/64318"}],"wp:attachment":[{"href":"https:\/\/jugulajm.net\/index.php?rest_route=%2Fwp%2Fv2%2Fmedia&parent=77972"}],"wp:term":[{"taxonomy":"category","embeddable":true,"href":"https:\/\/jugulajm.net\/index.php?rest_route=%2Fwp%2Fv2%2Fcategories&post=77972"},{"taxonomy":"post_tag","embeddable":true,"href":"https:\/\/jugulajm.net\/index.php?rest_route=%2Fwp%2Fv2%2Ftags&post=77972"}],"curies":[{"name":"wp","href":"https:\/\/api.w.org\/{rel}","templated":true}]}}