{"id":77774,"date":"2024-08-15T18:07:44","date_gmt":"2024-08-15T16:07:44","guid":{"rendered":"https:\/\/jugulajm.net\/?p=77774"},"modified":"2024-08-15T18:07:44","modified_gmt":"2024-08-15T16:07:44","slug":"zjarret-ja-si-eshte-situata-ne-te-gjithe-vendin","status":"publish","type":"post","link":"https:\/\/jugulajm.net\/?p=77774","title":{"rendered":"Zjarret\/ Ja si \u00ebsht\u00eb situata n\u00eb t\u00eb gjith\u00eb vendin&#8230;"},"content":{"rendered":"<p>Qendra Komb\u00ebtare Operacionale e Emergjencave Civile ka treguar se si paraqitet situata e zjarrit n\u00eb Shqip\u00ebri. B\u00ebhet e ditur se sipas t\u00eb dh\u00ebnave deri pasditen e k\u00ebsaj t\u00eb enjte, n\u00eb t\u00eb gjith\u00eb territorin e vendit jan\u00eb identifikuar 20 vatra zjarri.<\/p>\n<p>Pas nj\u00eb pune t\u00eb pand\u00ebrprer\u00eb t\u00eb forcave operacionale n\u00eb terren \u00ebsht\u00eb b\u00ebr\u00eb i mundur izolimi i plot\u00eb dhe shuarja e 6 prej tyre, nd\u00ebrsa 14 vatra vijojn\u00eb t\u00eb mbeten aktive.<\/p>\n<p>Nd\u00ebrkoh\u00eb n\u00eb Parkun Komb\u00ebtar t\u00eb Presp\u00ebs n\u00eb Malin e That\u00eb, vijon puna p\u00ebr shuarjen e zjarrit q\u00eb zhvillohet n\u00eb nj\u00eb terren t\u00eb v\u00ebshtir\u00eb dhe me bim\u00ebsi leht\u00ebsisht t\u00eb djegshme.<\/p>\n<p><strong>Njoftimi mbi situat\u00ebn zjarreve:<\/strong><\/p>\n<p>Sipas t\u00eb dh\u00ebnave nga Qendra Komb\u00ebtare Operacionale e Emergjencave Civile, deri pasditen e sotme n\u00eb t\u00eb gjith\u00eb territorin e vendit jan\u00eb identifikuar 20 vatra zjarri. Pas nj\u00eb pune t\u00eb pand\u00ebrprer\u00eb t\u00eb forcave operacionale n\u00eb terren u b\u00eb i mundur izolimi i plot\u00eb dhe shuarja e 6 prej tyre, nd\u00ebrsa 14 vatra vijojn\u00eb t\u00eb mbeten aktive.<\/p>\n<p>N\u00eb Parkun Komb\u00ebtar t\u00eb Presp\u00ebs n\u00eb Malin e That\u00eb, vijon puna p\u00ebr shuarjen e zjarrit q\u00eb zhvillohet n\u00eb nj\u00eb terren t\u00eb v\u00ebshtir\u00eb dhe me bim\u00ebsi leht\u00ebsisht t\u00eb djegshme. N\u00eb operacionin e sot\u00ebm u angazhuan avioni rumun C-27J Spartan, forca nga bashkit\u00eb e Pogradecit, Pustecit dhe Administrata Rajonale e Zonave t\u00eb Mbrojtura.<\/p>\n<p>Forcave n\u00eb terren u erdh\u00ebn n\u00eb ndihm\u00eb 103 efektiv\u00eb t\u00eb Forcave t\u00eb Armatosura dhe 10 mjete.<\/p>\n<p>N\u00eb fshatin Raj\u00eb dhe Geghysen, n\u00eb bashkin\u00eb e Tropoj\u00ebs vatra e zjarrit \u00ebsht\u00eb izoluar, por vazhdon monitorimi nga forcat bashkiake. Nuk paraqet rrezik p\u00ebr p\u00ebrhapje.<\/p>\n<p>N\u00eb Bjeshk\u00ebn e Bollotekut n\u00eb af\u00ebrsi t\u00eb Lumit Gashit vatra \u00ebsht\u00eb aktive n\u00eb pyje ahu dhe pish\u00eb e zez\u00eb. Vijojn\u00eb p\u00ebrpjekjet p\u00ebr izolimin e vatr\u00ebs q\u00eb p\u00ebr shkak t\u00eb terrenit mori p\u00ebrmasa.<\/p>\n<p>N\u00eb fshatin T\u00ebrnov\u00eb, bashkia Bulqiz\u00eb ka r\u00ebn\u00eb intensiteti i zjarrit, por vijon monitorimi. Zjarri \u00ebsht\u00eb n\u00ebn kontroll dhe nuk paraqet rrezik p\u00ebr p\u00ebrhapje.<\/p>\n<div id=\"section_6\" class=\"bnr-wrapper\"><\/div>\n<p>N\u00eb fshatin Luzni t\u00eb bashkis\u00eb Dib\u00ebr vatra \u00ebsht\u00eb izoluar dhe po mbahet n\u00ebn kontroll nga forca t\u00eb Administrat\u00ebs Rajonale e Zonave t\u00eb Mbrojtura.<\/p>\n<p>N\u00eb fshatin Ujanik, n\u00eb bashkin\u00eb e Skraparit, zjarri \u00ebsht\u00eb aktiv p\u00ebr shkak t\u00eb terrenit shk\u00ebmbor dhe pjerr\u00ebsis\u00eb, gj\u00eb q\u00eb e b\u00ebn tejet t\u00eb v\u00ebshtir\u00eb nd\u00ebrhyrjen e forcave nga toka. Vatra po zhvillohet n\u00eb drejtim t\u00eb \u201cVendit t\u00eb Shenjt\u00eb\u201d, ku \u00ebsht\u00eb stacionuar nj\u00eb mjet zjarrfik\u00ebs.<\/p>\n<p>Mbi fshatin Sotir\u00eb, n\u00eb Dropullin e Sip\u00ebrm zjarri \u00ebsht\u00eb aktiv, por me intensitet t\u00eb ul\u00ebt. N\u00eb mb\u00ebshtetje t\u00eb forcave shkuan 15 trupa dhe 1 mjet i FA-s\u00eb.<\/p>\n<p>Nj\u00eb vat\u00ebr zjarri n\u00eb drejtim t\u00eb fshatit Sopik, t\u00eb nj\u00ebsis\u00eb administrative Pogon, flak\u00ebt e t\u00eb cilit kan\u00eb mb\u00ebrritur nga territori grek, po mbahet n\u00ebn monitorim.<\/p>\n<p>N\u00eb fshatin Sinanaj, zjarri i r\u00ebn\u00eb n\u00eb nj\u00eb sip\u00ebrfaqe pyjore, nuk p\u00ebrb\u00ebn rrezik p\u00ebr p\u00ebrhapje. Pa rrezikshm\u00ebri paraqitet edhe vatra n\u00eb fshatin Reshepaj, t\u00eb bashkis\u00eb Selenic\u00eb.<\/p>\n<p>N\u00eb vendin e quajtur \u201cSyri i Kalt\u00ebr\u201d n\u00eb fshatin Theth, t\u00eb bashkis\u00eb Shkod\u00ebr, forcat operacionale po punojn\u00eb p\u00ebr t\u00eb shmangur p\u00ebrhapjen e zjarrit.<\/p>\n<p>N\u00eb vendin e quajtur \u201cBjeshk\u00ebt e Gjurajve\u201d, n\u00eb bashkin\u00eb e Shkodr\u00ebs, zjarri po zhvillohet n\u00eb nj\u00eb sip\u00ebrfaqe pyjore n\u00eb terren t\u00eb thepisur dhe t\u00eb v\u00ebshtir\u00eb p\u00ebr t\u00eb operuar. Zjarri po monitorohet nga strukturat vendore t\u00eb bashkis\u00eb Shkod\u00ebr. Nuk paraqet rrezik p\u00ebr banesa.<\/p>\n<p>Zjarri n\u00eb vendin e quajtur \u201cGuri i N\u00ebnshtegut\u201d, n\u00eb fshatin Theth, po mbahet n\u00ebn monitorim nga forcat operacionale dhe vullnetare.<\/p>\n<p>N\u00ebn bashk\u00ebrendimin e Agjencis\u00eb Komb\u00ebtare t\u00eb Mbrojtjes Civile, Forcat e Armatosura kan\u00eb p\u00ebrforcuar kapacitetet e ekipeve t\u00eb pushtetit vendor n\u00eb betej\u00ebn p\u00ebr izolimin e vatrave n\u00eb terrene t\u00eb v\u00ebshtira.<\/p>\n","protected":false},"excerpt":{"rendered":"<p>Qendra Komb\u00ebtare Operacionale e Emergjencave Civile ka treguar se si paraqitet situata e zjarrit n\u00eb Shqip\u00ebri. B\u00ebhet e ditur se sipas t\u00eb dh\u00ebnave deri pasditen e k\u00ebsaj t\u00eb enjte, n\u00eb t\u00eb gjith\u00eb territorin e vendit jan\u00eb identifikuar 20 vatra zjarri. Pas nj\u00eb pune t\u00eb pand\u00ebrprer\u00eb t\u00eb forcave operacionale n\u00eb terren \u00ebsht\u00eb b\u00ebr\u00eb i mundur izolimi [&hellip;]<\/p>\n","protected":false},"author":5,"featured_media":49625,"comment_status":"closed","ping_status":"closed","sticky":false,"template":"","format":"standard","meta":{"footnotes":""},"categories":[1,6332,29228],"tags":[32628],"class_list":{"0":"post-77774","1":"post","2":"type-post","3":"status-publish","4":"format-standard","5":"has-post-thumbnail","7":"category-aktualitet","8":"category-te-fundit","9":"category-vendi","10":"tag-zjarret-ja-si-eshte-situata-ne-te-gjithe-vendin"},"_links":{"self":[{"href":"https:\/\/jugulajm.net\/index.php?rest_route=\/wp\/v2\/posts\/77774","targetHints":{"allow":["GET"]}}],"collection":[{"href":"https:\/\/jugulajm.net\/index.php?rest_route=\/wp\/v2\/posts"}],"about":[{"href":"https:\/\/jugulajm.net\/index.php?rest_route=\/wp\/v2\/types\/post"}],"author":[{"embeddable":true,"href":"https:\/\/jugulajm.net\/index.php?rest_route=\/wp\/v2\/users\/5"}],"replies":[{"embeddable":true,"href":"https:\/\/jugulajm.net\/index.php?rest_route=%2Fwp%2Fv2%2Fcomments&post=77774"}],"version-history":[{"count":0,"href":"https:\/\/jugulajm.net\/index.php?rest_route=\/wp\/v2\/posts\/77774\/revisions"}],"wp:featuredmedia":[{"embeddable":true,"href":"https:\/\/jugulajm.net\/index.php?rest_route=\/wp\/v2\/media\/49625"}],"wp:attachment":[{"href":"https:\/\/jugulajm.net\/index.php?rest_route=%2Fwp%2Fv2%2Fmedia&parent=77774"}],"wp:term":[{"taxonomy":"category","embeddable":true,"href":"https:\/\/jugulajm.net\/index.php?rest_route=%2Fwp%2Fv2%2Fcategories&post=77774"},{"taxonomy":"post_tag","embeddable":true,"href":"https:\/\/jugulajm.net\/index.php?rest_route=%2Fwp%2Fv2%2Ftags&post=77774"}],"curies":[{"name":"wp","href":"https:\/\/api.w.org\/{rel}","templated":true}]}}