{"id":77693,"date":"2024-08-13T13:36:03","date_gmt":"2024-08-13T11:36:03","guid":{"rendered":"https:\/\/jugulajm.net\/?p=77693"},"modified":"2024-08-13T13:36:03","modified_gmt":"2024-08-13T11:36:03","slug":"emri-foto-itali-humb-jeten-ne-aksident-16-vjecari-shqiptar-prinderit-e-tij-vendosin","status":"publish","type":"post","link":"https:\/\/jugulajm.net\/?p=77693","title":{"rendered":"EMRI-FOTO\/ Itali, humb jet\u00ebn n\u00eb aksident 16-vje\u00e7ari shqiptar, prind\u00ebrit e tij vendosin&#8230;"},"content":{"rendered":"<p>Pasditen e diel midis Brescia dhe Mantuas n\u00eb Itali nj\u00eb 16-vje\u00e7ar shqiptar u p\u00ebrfshi n\u00eb aksident s\u00eb bashku me kat\u00ebr persona t\u00eb tjer\u00eb.<\/p>\n<p>16-vje\u00e7ari<em><strong><a href=\"https:\/\/www.bresciaoggi.it\/le-lacrime-per-lorenzo-morto-a-soli-16-anni-1.12410662\">\u00a0Lorenzo \u00c7ela<\/a><\/strong><\/em>\u00a0p\u00ebr shkak t\u00eb plag\u00ebve t\u00eb marra ka humbur jet\u00ebn n\u00eb spital dhe pritet q\u00eb q\u00eb t\u00eb kryhen procedurat p\u00ebr heqjen e organeve. Ai brenda nj\u00eb muaji do t\u00eb kishte mbushur 17 vje\u00e7.<\/p>\n<p>Lorenzo, nj\u00eb lojtar i ri premtues nga Desenzano Calcio, po udh\u00ebtonte me makin\u00eb me t\u00eb dashur\u00ebn dhe n\u00ebn\u00ebn e saj. P\u00ebr arsye ende t\u00eb paqarta, automjeti i tyre u p\u00ebrplas me nj\u00eb automjet tjet\u00ebr q\u00eb vinte nga ana e kund\u00ebrt. N\u00ebna e t\u00eb dashur\u00ebs s\u00eb Lorenzos ndodhet n\u00eb spital n\u00eb gjendje t\u00eb r\u00ebnd\u00eb.<\/p>\n<p>16 vje\u00e7ari kishte nj\u00eb pasion t\u00eb madh p\u00ebr futbollin dhe luante me ekipin e t\u00eb rinjve t\u00eb Desenzanos.<\/p>\n","protected":false},"excerpt":{"rendered":"<p>Pasditen e diel midis Brescia dhe Mantuas n\u00eb Itali nj\u00eb 16-vje\u00e7ar shqiptar u p\u00ebrfshi n\u00eb aksident s\u00eb bashku me kat\u00ebr persona t\u00eb tjer\u00eb. 16-vje\u00e7ari\u00a0Lorenzo \u00c7ela\u00a0p\u00ebr shkak t\u00eb plag\u00ebve t\u00eb marra ka humbur jet\u00ebn n\u00eb spital dhe pritet q\u00eb q\u00eb t\u00eb kryhen procedurat p\u00ebr heqjen e organeve. Ai brenda nj\u00eb muaji do t\u00eb kishte mbushur 17 [&hellip;]<\/p>\n","protected":false},"author":5,"featured_media":77694,"comment_status":"closed","ping_status":"closed","sticky":false,"template":"","format":"standard","meta":{"footnotes":""},"categories":[1,7664,6332],"tags":[23305,32594,32595],"class_list":{"0":"post-77693","1":"post","2":"type-post","3":"status-publish","4":"format-standard","5":"has-post-thumbnail","7":"category-aktualitet","8":"category-bota","9":"category-te-fundit","10":"tag-emri-foto-itali","11":"tag-humb-jeten-ne-aksident-16-vjecari-shqiptar","12":"tag-prinderit-e-tij-vendosin"},"_links":{"self":[{"href":"https:\/\/jugulajm.net\/index.php?rest_route=\/wp\/v2\/posts\/77693","targetHints":{"allow":["GET"]}}],"collection":[{"href":"https:\/\/jugulajm.net\/index.php?rest_route=\/wp\/v2\/posts"}],"about":[{"href":"https:\/\/jugulajm.net\/index.php?rest_route=\/wp\/v2\/types\/post"}],"author":[{"embeddable":true,"href":"https:\/\/jugulajm.net\/index.php?rest_route=\/wp\/v2\/users\/5"}],"replies":[{"embeddable":true,"href":"https:\/\/jugulajm.net\/index.php?rest_route=%2Fwp%2Fv2%2Fcomments&post=77693"}],"version-history":[{"count":0,"href":"https:\/\/jugulajm.net\/index.php?rest_route=\/wp\/v2\/posts\/77693\/revisions"}],"wp:featuredmedia":[{"embeddable":true,"href":"https:\/\/jugulajm.net\/index.php?rest_route=\/wp\/v2\/media\/77694"}],"wp:attachment":[{"href":"https:\/\/jugulajm.net\/index.php?rest_route=%2Fwp%2Fv2%2Fmedia&parent=77693"}],"wp:term":[{"taxonomy":"category","embeddable":true,"href":"https:\/\/jugulajm.net\/index.php?rest_route=%2Fwp%2Fv2%2Fcategories&post=77693"},{"taxonomy":"post_tag","embeddable":true,"href":"https:\/\/jugulajm.net\/index.php?rest_route=%2Fwp%2Fv2%2Ftags&post=77693"}],"curies":[{"name":"wp","href":"https:\/\/api.w.org\/{rel}","templated":true}]}}