{"id":77675,"date":"2024-08-12T20:05:10","date_gmt":"2024-08-12T18:05:10","guid":{"rendered":"https:\/\/jugulajm.net\/?p=77675"},"modified":"2024-08-12T20:05:10","modified_gmt":"2024-08-12T18:05:10","slug":"zjarr-i-madh-ne-athine-digjen-banesa-dhe-biznese-evakuohen-mijera-banore","status":"publish","type":"post","link":"https:\/\/jugulajm.net\/?p=77675","title":{"rendered":"Zjarr i madh n\u00eb Athin\u00eb, digjen banesa dhe biznese, evakuohen mij\u00ebra banor\u00eb"},"content":{"rendered":"<div class=\"jeg_navbar_mobile_wrapper\">\n<div class=\"jeg_navbar_mobile jeg_sticky_nav\" data-mode=\"scroll\">\n<div class=\"jeg_mobile_bottombar jeg_mobile_midbar jeg_container dark\">\n<div class=\"container\">\n<div class=\"jeg_nav_row\">\n<div class=\"jeg_nav_col jeg_nav_left jeg_nav_grow\">\n<div class=\"item_wrap jeg_nav_alignleft\">\n<div class=\"jeg_nav_item jeg_mobile_logo\"><\/div>\n<\/div>\n<\/div>\n<div class=\"jeg_nav_col jeg_nav_center jeg_nav_normal\">\n<div class=\"item_wrap jeg_nav_aligncenter\">Nj\u00eb zjarr i madh i shp\u00ebrthyer pasditen e t\u00eb Diel\u00ebn n\u00eb verilindje t\u00eb Athin\u00ebs po p\u00ebrparon me ritme t\u00eb jasht\u00ebzakonshme.<\/div>\n<\/div>\n<\/div>\n<\/div>\n<\/div>\n<\/div>\n<\/div>\n<div class=\"post-wrapper\">\n<div class=\"post-wrap\">\n<div class=\"jeg_main jeg_double_sidebar\">\n<div class=\"jeg_container\">\n<div class=\"jeg_content jeg_singlepage\">\n<div class=\"container\">\n<div class=\"row\">\n<div class=\"jeg_main_content col-md-6\">\n<div class=\"jeg_inner_content\">\n<div class=\"entry-content no-share\">\n<div class=\"content-inner \">\n<p>Shefi i Federat\u00ebs s\u00eb Zjarrfik\u00ebsve, Nikos Lavranos e cil\u00ebsoi situat\u00ebn si \u201cshqet\u00ebsuese\u201d pasi flak\u00ebt e zjarrit t\u00eb favorizuara nga era tashm\u00eb kan\u00eb dal\u00eb jasht\u00eb kontrollit duke iu drejtuar banesave, duke djegur sht\u00ebpi, biznese dhe shkolla. Rrezja e zjarrit llogaritet\u00a0 prej m\u00eb shum\u00eb se 30 kilometra.<\/p>\n<p>Mbi 702 zjarrfik\u00ebs t\u00eb mb\u00ebshtetur nga vullnetar\u00eb, 17 avion\u00eb dhe 15 helikopter\u00eb zjarrfik\u00ebs nuk kan\u00eb mundur ta ven\u00eb at\u00eb ende n\u00ebn kontroll. Dy automjete zjarrfik\u00ebse jan\u00eb djegur nd\u00ebrsa \u00ebsht\u00eb plagosur nj\u00eb punonj\u00ebs, nd\u00ebrsa 65 persona jan\u00eb shtruar n\u00eb spital p\u00ebr shkak t\u00eb probleme me asfiksimin.<\/p>\n<p>Nd\u00ebrkoh\u00eb nga Mekanzimi Evropian i Mbrojtjes Civile jan\u00eb angazhuar p\u00ebr shuarjen e zjarrit dhe forca nga Franca, Italia dhe \u00c7ekia.<\/p>\n<p>Autoritetet greke po evakuojn\u00eb banor\u00ebt e zonave pran\u00eb vatrave, fshatin Gramatiko, qytez\u00ebn antike Maraton dhe at\u00eb bregdetare Nea Makri.<\/p>\n<p>Greqia \u00ebsht\u00eb n\u00eb alarm t\u00eb kuq deri t\u00eb Enjten, nga rreziku i lart\u00eb i zjarreve n\u00eb gjith\u00eb vendin, teksa i nxehti \u00ebsht\u00eb n\u00eb nj\u00eb nivel tep\u00ebr t\u00eb lart\u00eb deri n\u00eb 40 grad\u00eb Celsius.<\/p>\n<p>Vet\u00ebm k\u00ebt\u00eb sezon jan\u00eb num\u00ebruar mbi 2 mij\u00eb vatra n\u00eb gjith\u00eb vendin. Me zjarre po p\u00ebrballet edhe Spanja.<\/p>\n<p>Vatra m\u00eb e madhe gjat\u00eb or\u00ebve t\u00eb fundit \u00ebsht\u00eb ajo n\u00eb pyjet pran\u00eb qytez\u00ebs s\u00eb Korbalanit n\u00eb rajonin e Aragon\u00ebs, q\u00eb s\u00ebrish po ushqehen nga temperaturat e larta dhe er\u00ebrat e fuqishme, q\u00eb sipas ekspert\u00ebve jan\u00eb pasoj\u00eb e ngrohjes globale.<\/p>\n<\/div>\n<\/div>\n<\/div>\n<\/div>\n<\/div>\n<\/div>\n<\/div>\n<\/div>\n<\/div>\n<\/div>\n<\/div>\n","protected":false},"excerpt":{"rendered":"<p>Nj\u00eb zjarr i madh i shp\u00ebrthyer pasditen e t\u00eb Diel\u00ebn n\u00eb verilindje t\u00eb Athin\u00ebs po p\u00ebrparon me ritme t\u00eb jasht\u00ebzakonshme. Shefi i Federat\u00ebs s\u00eb Zjarrfik\u00ebsve, Nikos Lavranos e cil\u00ebsoi situat\u00ebn si \u201cshqet\u00ebsuese\u201d pasi flak\u00ebt e zjarrit t\u00eb favorizuara nga era tashm\u00eb kan\u00eb dal\u00eb jasht\u00eb kontrollit duke iu drejtuar banesave, duke djegur sht\u00ebpi, biznese dhe shkolla. [&hellip;]<\/p>\n","protected":false},"author":5,"featured_media":77676,"comment_status":"closed","ping_status":"closed","sticky":false,"template":"","format":"standard","meta":{"footnotes":""},"categories":[1,6332],"tags":[32584,32585,32583],"class_list":{"0":"post-77675","1":"post","2":"type-post","3":"status-publish","4":"format-standard","5":"has-post-thumbnail","7":"category-aktualitet","8":"category-te-fundit","9":"tag-digjen-banesa-dhe-biznese","10":"tag-evakuohen-mijera-banore","11":"tag-zjarr-i-madh-ne-athine"},"_links":{"self":[{"href":"https:\/\/jugulajm.net\/index.php?rest_route=\/wp\/v2\/posts\/77675","targetHints":{"allow":["GET"]}}],"collection":[{"href":"https:\/\/jugulajm.net\/index.php?rest_route=\/wp\/v2\/posts"}],"about":[{"href":"https:\/\/jugulajm.net\/index.php?rest_route=\/wp\/v2\/types\/post"}],"author":[{"embeddable":true,"href":"https:\/\/jugulajm.net\/index.php?rest_route=\/wp\/v2\/users\/5"}],"replies":[{"embeddable":true,"href":"https:\/\/jugulajm.net\/index.php?rest_route=%2Fwp%2Fv2%2Fcomments&post=77675"}],"version-history":[{"count":0,"href":"https:\/\/jugulajm.net\/index.php?rest_route=\/wp\/v2\/posts\/77675\/revisions"}],"wp:featuredmedia":[{"embeddable":true,"href":"https:\/\/jugulajm.net\/index.php?rest_route=\/wp\/v2\/media\/77676"}],"wp:attachment":[{"href":"https:\/\/jugulajm.net\/index.php?rest_route=%2Fwp%2Fv2%2Fmedia&parent=77675"}],"wp:term":[{"taxonomy":"category","embeddable":true,"href":"https:\/\/jugulajm.net\/index.php?rest_route=%2Fwp%2Fv2%2Fcategories&post=77675"},{"taxonomy":"post_tag","embeddable":true,"href":"https:\/\/jugulajm.net\/index.php?rest_route=%2Fwp%2Fv2%2Ftags&post=77675"}],"curies":[{"name":"wp","href":"https:\/\/api.w.org\/{rel}","templated":true}]}}