{"id":77597,"date":"2024-08-10T14:50:35","date_gmt":"2024-08-10T12:50:35","guid":{"rendered":"https:\/\/jugulajm.net\/?p=77597"},"modified":"2024-08-10T14:50:35","modified_gmt":"2024-08-10T12:50:35","slug":"emri-humb-jeten-75-vjecari-ndezi-zjarr-ne-token-e-tij-dhe-asfiksohet","status":"publish","type":"post","link":"https:\/\/jugulajm.net\/?p=77597","title":{"rendered":"EMRI\/ Humb jet\u00ebn 75-vje\u00e7ari, ndezi zjarr n\u00eb tok\u00ebn e tij dhe asfiksohet"},"content":{"rendered":"<p>75-vje\u00e7ari Rexhep Halili banues n\u00eb Sukth, Durr\u00ebs, ka humbur jet\u00ebn pasi u asfiksua nga tymi i zjarrit.<\/p>\n<p>Ai kishte ndezur zjarr n\u00eb tok\u00ebn e tij p\u00ebr t\u00eb djegur mbetjet e prodhimeve bujq\u00ebsore.<\/p>\n<p>Nga era e fort\u00eb zjarri \u00ebsht\u00eb p\u00ebrhapur dhe 75-vje\u00e7ari gjat\u00eb p\u00ebrpjekjes p\u00ebr t\u00eb fikur zjarrin \u00ebsht\u00eb asfiksuar dhe ka humbur jet\u00ebn.<\/p>\n<p>Nd\u00ebrkoh\u00eb grupi hetimor ndodhet n\u00eb vendngjarje dhe po punon p\u00ebr sqarimin e rrethanave t\u00eb ngjarjes.<\/p>\n","protected":false},"excerpt":{"rendered":"<p>75-vje\u00e7ari Rexhep Halili banues n\u00eb Sukth, Durr\u00ebs, ka humbur jet\u00ebn pasi u asfiksua nga tymi i zjarrit. Ai kishte ndezur zjarr n\u00eb tok\u00ebn e tij p\u00ebr t\u00eb djegur mbetjet e prodhimeve bujq\u00ebsore. Nga era e fort\u00eb zjarri \u00ebsht\u00eb p\u00ebrhapur dhe 75-vje\u00e7ari gjat\u00eb p\u00ebrpjekjes p\u00ebr t\u00eb fikur zjarrin \u00ebsht\u00eb asfiksuar dhe ka humbur jet\u00ebn. Nd\u00ebrkoh\u00eb grupi [&hellip;]<\/p>\n","protected":false},"author":5,"featured_media":64099,"comment_status":"closed","ping_status":"closed","sticky":false,"template":"","format":"standard","meta":{"footnotes":""},"categories":[1,6332],"tags":[32545,32546],"class_list":{"0":"post-77597","1":"post","2":"type-post","3":"status-publish","4":"format-standard","5":"has-post-thumbnail","7":"category-aktualitet","8":"category-te-fundit","9":"tag-emri-humb-jeten-75-vjecari","10":"tag-ndezi-zjarr-ne-token-e-tij-dhe-asfiksohet"},"_links":{"self":[{"href":"https:\/\/jugulajm.net\/index.php?rest_route=\/wp\/v2\/posts\/77597","targetHints":{"allow":["GET"]}}],"collection":[{"href":"https:\/\/jugulajm.net\/index.php?rest_route=\/wp\/v2\/posts"}],"about":[{"href":"https:\/\/jugulajm.net\/index.php?rest_route=\/wp\/v2\/types\/post"}],"author":[{"embeddable":true,"href":"https:\/\/jugulajm.net\/index.php?rest_route=\/wp\/v2\/users\/5"}],"replies":[{"embeddable":true,"href":"https:\/\/jugulajm.net\/index.php?rest_route=%2Fwp%2Fv2%2Fcomments&post=77597"}],"version-history":[{"count":0,"href":"https:\/\/jugulajm.net\/index.php?rest_route=\/wp\/v2\/posts\/77597\/revisions"}],"wp:featuredmedia":[{"embeddable":true,"href":"https:\/\/jugulajm.net\/index.php?rest_route=\/wp\/v2\/media\/64099"}],"wp:attachment":[{"href":"https:\/\/jugulajm.net\/index.php?rest_route=%2Fwp%2Fv2%2Fmedia&parent=77597"}],"wp:term":[{"taxonomy":"category","embeddable":true,"href":"https:\/\/jugulajm.net\/index.php?rest_route=%2Fwp%2Fv2%2Fcategories&post=77597"},{"taxonomy":"post_tag","embeddable":true,"href":"https:\/\/jugulajm.net\/index.php?rest_route=%2Fwp%2Fv2%2Ftags&post=77597"}],"curies":[{"name":"wp","href":"https:\/\/api.w.org\/{rel}","templated":true}]}}