{"id":77572,"date":"2024-08-09T19:18:41","date_gmt":"2024-08-09T17:18:41","guid":{"rendered":"https:\/\/jugulajm.net\/?p=77572"},"modified":"2024-08-09T19:18:41","modified_gmt":"2024-08-09T17:18:41","slug":"paralajmeron-eksperti-karamuco-1-politikan-i-njohur-do-te-arrestohet-ne-gusht-gati-edhe-arrestime-te-tjera","status":"publish","type":"post","link":"https:\/\/jugulajm.net\/?p=77572","title":{"rendered":"Paralajm\u00ebron eksperti Karamu\u00e7o: 1 politikan i njohur do t\u00eb arrestohet n\u00eb gusht, gati edhe arrestime t\u00eb tjera\u2026"},"content":{"rendered":"<p>Profesori i njohur i Kriminalistik\u00ebs, Ervin Karamu\u00e7o, n\u00eb nj\u00eb prononcim ka zbardhur detaje t\u00eb reja nga operacioni i Prokuroris\u00eb s\u00eb Posa\u00e7me (SPAK) p\u00ebr p\u00ebrgjimet e \u201cSKY ECC\u201d, me 30 urdh\u00ebr arreste.<\/p>\n<p>Karamu\u00e7o ka paralajm\u00ebruar se do t\u00eb ket\u00eb disa arrestime me emra t\u00eb njohur, mes tyre gjyqtar\u00eb, prokuror\u00eb t\u00eb njohur, por nuk do t\u00eb mungojn\u00eb as biznesmen\u00eb.<\/p>\n<p>Profesori i Kriminalistik\u00ebs, gjithashtu ka th\u00ebn\u00eb se mes dy-tre politikan\u00ebve q\u00eb jan\u00eb n\u00ebn hetim, fat i nj\u00ebrit prej tyre nuk do t\u00eb jet\u00eb n\u00eb dit\u00ebt m\u00eb t\u00eb mira.<\/p>\n<p>Sipas tij, nj\u00eb politikani do t\u2019i komunikohet akuza p\u00ebr mas\u00eb sigurie. \u201cN\u00eb vijim t\u00eb operacionit t\u00eb SPAK me 30 urdh\u00ebr arreste \u00ebsht\u00eb n\u00eb proces edhe nj\u00eb tjet\u00ebr hetim shum\u00eb i madh me gjyqtar e prokuror\u00eb q\u00eb sapo ka filluar me arrestime, por q\u00eb do t\u00eb vijoj\u00eb sepse jan\u00eb shum\u00eb emra q\u00eb po verifikohen dhe me shum\u00eb mund\u00ebsi do t\u00eb shkoj\u00eb n\u00eb ndjekje penale.<\/p>\n<p>Jan\u00eb gjyqtar edhe prokuror\u00eb por ka edhe biznesmen\u00eb. Ne kishim llogaritur q\u00eb me marrjen e pushimeve t\u00eb disa prej prokuror\u00ebve t\u00eb SPAK-ut, do t\u00eb mbylleshin disa prej hetimeve, p\u00ebr t\u00eb mos ikur me kok\u00ebn mbrapa n\u00eb pushime. N\u00eb k\u00ebt\u00eb koh\u00eb ne parashikonim pasi nuk kemi si t\u00eb b\u00ebjm\u00eb parashikim tjet\u00ebr, pasi jan\u00eb sekrete hetimore.<\/p>\n<p>Prisnim q\u00eb dy-tre politikan\u00eb q\u00eb jan\u00eb n\u00eb hetim, nj\u00ebrit prej tyre do t\u2019i komunikohet akuza p\u00ebr mas\u00eb sigurie. T\u00eb shikojm\u00eb se \u00e7far\u00eb do t\u00eb ndodh gjat\u00eb gushtit, por tani jan\u00eb n\u00eb periudh\u00eb leje t\u00eb zakonshme q\u00eb marrin deri n\u00eb fillim shtatori\u201d, thot\u00eb Karamu\u00e7o.<\/p>\n<p><strong>Arsyeja e ndryshimeve n\u00eb qeveri<\/strong><\/p>\n<p>Ervin Karamu\u00e7o ka folur dhe rreth ndryshimeve n\u00eb qeveri nga kryeministri Edi Rama. Ai ka zbuluar p\u00ebr gazet\u00ebn \u201cSOT\u201d arsyen e v\u00ebrtet\u00eb pse lideri i selis\u00eb roz\u00eb nxjerr jasht\u00eb politik\u00ebs emra t\u00eb njohur. Karamu\u00e7o thot\u00eb se Rama e ka zbuluar rolin e SPAK-ut, ndaj gjith\u00eb politikan\u00ebt q\u00eb jan\u00eb n\u00ebn hetim, zgjedh t\u2019i largoj\u00eb, pra t\u00eb ndryshoj\u00eb klas\u00ebn politike t\u00eb krahut t\u00eb s\u00eb majt\u00ebs. Eksperti, m\u00eb tej thekson se k\u00ebto figura t\u00eb njohura nuk do t\u2019i shikojm\u00eb n\u00eb burg, por as n\u00eb qeveri e as n\u00eb Parlament. \u201cNisur nga eksperienca n\u00eb Rumani dhe n\u00eb Kroaci, SPAK-\u00ebt e k\u00ebtyre vendeve nuk \u00ebsht\u00eb se i fut\u00ebn t\u00eb gjith\u00eb politikan\u00ebt n\u00eb hetim, por t\u00eb gjith\u00eb k\u00ebta politikan\u00eb q\u00eb u hetuan nuk u pan\u00eb m\u00eb n\u00eb Parlamentet e tyre. U nxor\u00ebn jasht\u00eb nga skena politike dhe kjo \u00ebsht\u00eb arsyeja pse kryeministri Rama e ka kuptuar rolin e SPAK-ut dhe po e ndryshon vet\u00eb t\u00eb gjith\u00eb klas\u00ebn politike e krahut t\u00eb s\u00eb majt\u00ebs edhe n\u00eb ekzekutiv, por do t\u00eb jet\u00eb edhe n\u00eb Parlament. Nuk do t\u2019i shikojm\u00eb m\u00eb k\u00ebto fytyra n\u00eb Parlamentin e ardhsh\u00ebm dhe ai e di k\u00ebt\u00eb. As n\u00eb qeveri e as n\u00eb Parlament nuk kemi p\u00ebr t\u2019i par\u00eb\u201d, shprehet Ervin Karamu\u00e7o.<\/p>\n<p><strong>Krimi n\u00eb Shqip\u00ebri<\/strong><\/p>\n<p>M\u00eb her\u00ebt profesori i kriminalistik\u00ebs, Ervin Karamu\u00e7o, gjat\u00eb nj\u00eb interviste \u00ebsht\u00eb shprehur se n\u00eb Shqip\u00ebri ka tendenc\u00eb t\u00eb krijohet nj\u00eb familje mafioze. Karamu\u00e7o solli shembullin e mafias n\u00eb vendet fqinje, por tha se n\u00eb Shqip\u00ebri jan\u00eb ende grupe kriminale t\u00eb strukturuara. Gjithashtu, ai shtoi se familja mafioze ka fuqin\u00eb t\u00eb komandoj\u00eb edhe shtetin. \u201cKa nj\u00eb tendenc\u00eb q\u00eb e kemi ndar\u00eb n\u00eb disa diskutime lidhur me krijimin e nj\u00eb familjeje mafioze t\u00eb mir\u00ebfillt\u00eb. A ekzistojn\u00eb kushtet, po! Jan\u00eb k\u00ebto goditje fal\u00eb SKY dhe Encrochat t\u00eb cilat atrofizojn\u00eb mund\u00ebsin\u00eb q\u00eb t\u00eb avancojn\u00eb dhe t\u00eb jen\u00eb nj\u00eb luft\u00eb p\u00ebr autoritet tona q\u00eb do ndihen t\u00eb pafuqishme. Ka tendenca, sidomos n\u00eb Shqip\u00ebrin\u00eb e mesme dhe n\u00eb Veri qe mund t\u00eb \u00e7ojn\u00eb q\u00eb form\u00ebn e bashkimit t\u00eb strukturave t\u00eb caktuara ne na ngjajn\u00eb si sindikata. B\u00ebhen bashk\u00eb por jo t\u00eb ken\u00eb krijuar nj\u00eb komision t\u00eb mir\u00ebfillt\u00eb nga ato q\u00eb njohim ne q\u00eb nga Si\u00e7ilia, Ndragheta e k\u00ebshtu me radh\u00eb. Ne biem dakord me nj\u00eb gj\u00eb, jo n\u00eb kuptimin e elementeve te tradit\u00ebs mafioze, por kemi tendenc\u00ebn q\u00eb disa nga k\u00ebto organizata t\u00eb bashkuara mund t\u00eb komandojn\u00eb shtetin. Ata na thon\u00eb mafia shqiptare, por aktualisht jan\u00eb organizata kriminale por q\u00eb mund t\u00eb kthehen n\u00eb familje mafioze\u201d, theksoi profesor Karamu\u00e7o.<\/p>\n","protected":false},"excerpt":{"rendered":"<p>Profesori i njohur i Kriminalistik\u00ebs, Ervin Karamu\u00e7o, n\u00eb nj\u00eb prononcim ka zbardhur detaje t\u00eb reja nga operacioni i Prokuroris\u00eb s\u00eb Posa\u00e7me (SPAK) p\u00ebr p\u00ebrgjimet e \u201cSKY ECC\u201d, me 30 urdh\u00ebr arreste. Karamu\u00e7o ka paralajm\u00ebruar se do t\u00eb ket\u00eb disa arrestime me emra t\u00eb njohur, mes tyre gjyqtar\u00eb, prokuror\u00eb t\u00eb njohur, por nuk do t\u00eb mungojn\u00eb [&hellip;]<\/p>\n","protected":false},"author":5,"featured_media":52344,"comment_status":"closed","ping_status":"closed","sticky":false,"template":"","format":"standard","meta":{"footnotes":""},"categories":[1,6332,29228],"tags":[32533,32532],"class_list":{"0":"post-77572","1":"post","2":"type-post","3":"status-publish","4":"format-standard","5":"has-post-thumbnail","7":"category-aktualitet","8":"category-te-fundit","9":"category-vendi","10":"tag-gati-edhe-arrestime-te-tjera","11":"tag-paralajmeron-eksperti-karamuco-1-politikan-i-njohur-do-te-arrestohet-ne-gusht"},"_links":{"self":[{"href":"https:\/\/jugulajm.net\/index.php?rest_route=\/wp\/v2\/posts\/77572","targetHints":{"allow":["GET"]}}],"collection":[{"href":"https:\/\/jugulajm.net\/index.php?rest_route=\/wp\/v2\/posts"}],"about":[{"href":"https:\/\/jugulajm.net\/index.php?rest_route=\/wp\/v2\/types\/post"}],"author":[{"embeddable":true,"href":"https:\/\/jugulajm.net\/index.php?rest_route=\/wp\/v2\/users\/5"}],"replies":[{"embeddable":true,"href":"https:\/\/jugulajm.net\/index.php?rest_route=%2Fwp%2Fv2%2Fcomments&post=77572"}],"version-history":[{"count":0,"href":"https:\/\/jugulajm.net\/index.php?rest_route=\/wp\/v2\/posts\/77572\/revisions"}],"wp:featuredmedia":[{"embeddable":true,"href":"https:\/\/jugulajm.net\/index.php?rest_route=\/wp\/v2\/media\/52344"}],"wp:attachment":[{"href":"https:\/\/jugulajm.net\/index.php?rest_route=%2Fwp%2Fv2%2Fmedia&parent=77572"}],"wp:term":[{"taxonomy":"category","embeddable":true,"href":"https:\/\/jugulajm.net\/index.php?rest_route=%2Fwp%2Fv2%2Fcategories&post=77572"},{"taxonomy":"post_tag","embeddable":true,"href":"https:\/\/jugulajm.net\/index.php?rest_route=%2Fwp%2Fv2%2Ftags&post=77572"}],"curies":[{"name":"wp","href":"https:\/\/api.w.org\/{rel}","templated":true}]}}