{"id":77563,"date":"2024-08-09T14:57:28","date_gmt":"2024-08-09T12:57:28","guid":{"rendered":"https:\/\/jugulajm.net\/?p=77563"},"modified":"2024-08-09T14:57:28","modified_gmt":"2024-08-09T12:57:28","slug":"foto-aksident-opeli-perplaset-me-furgonin-dhe-del-nga-rruga-2-te-plagosur","status":"publish","type":"post","link":"https:\/\/jugulajm.net\/?p=77563","title":{"rendered":"FOTO\/ Aksident, &#8220;Opeli&#8221; p\u00ebrplaset me furgonin dhe del nga rruga, 2 t\u00eb plagosur"},"content":{"rendered":"<p>Nj\u00eb aksident me pasoj\u00eb dy t\u00eb l\u00ebnduar \u00ebsht\u00eb sh\u00ebnuar pasditen e s\u00eb premtes n\u00eb aksin rrugor Kor\u00e7\u00eb -Pogradec, n\u00eb af\u00ebrsi t\u00eb kryq\u00ebzimit t\u00eb fshatit Zvirin\u00eb.<\/p>\n<p>N\u00eb aksident jan\u00eb p\u00ebrfshir\u00eb dy mjete, nj\u00eb fugon mallrash e nj\u00eb mjet tip \u201cOpel\u201d.<\/p>\n<p>Nga p\u00ebrplasja e fort\u00eb mjeti \u201cOpel\u201d ka dal\u00eb nga rruga duke u p\u00ebrmbysur jasht\u00eb saj.<\/p>\n<p>Sipas informacioneve paraprake b\u00ebhet me dije se t\u00eb l\u00ebnduar jan\u00eb dy persona, te cil\u00ebt jan\u00eb d\u00ebrguar p\u00ebr ndihm\u00eb mjek\u00ebsore n\u00eb spitalin e Kor\u00e7\u00ebs dhe ndodhen jasht\u00eb rrezikut p\u00ebr jet\u00ebn.<\/p>\n<p>Policia po heton p\u00ebr shkakun e k\u00ebtij aksidenti.<\/p>\n","protected":false},"excerpt":{"rendered":"<p>Nj\u00eb aksident me pasoj\u00eb dy t\u00eb l\u00ebnduar \u00ebsht\u00eb sh\u00ebnuar pasditen e s\u00eb premtes n\u00eb aksin rrugor Kor\u00e7\u00eb -Pogradec, n\u00eb af\u00ebrsi t\u00eb kryq\u00ebzimit t\u00eb fshatit Zvirin\u00eb. N\u00eb aksident jan\u00eb p\u00ebrfshir\u00eb dy mjete, nj\u00eb fugon mallrash e nj\u00eb mjet tip \u201cOpel\u201d. Nga p\u00ebrplasja e fort\u00eb mjeti \u201cOpel\u201d ka dal\u00eb nga rruga duke u p\u00ebrmbysur jasht\u00eb saj. Sipas [&hellip;]<\/p>\n","protected":false},"author":5,"featured_media":77564,"comment_status":"closed","ping_status":"closed","sticky":false,"template":"","format":"standard","meta":{"footnotes":""},"categories":[1,6332,29228],"tags":[32527,15133,23153],"class_list":{"0":"post-77563","1":"post","2":"type-post","3":"status-publish","4":"format-standard","5":"has-post-thumbnail","7":"category-aktualitet","8":"category-te-fundit","9":"category-vendi","10":"tag-opeli-perplaset-me-furgonin-dhe-del-nga-rruga","11":"tag-2-te-plagosur","12":"tag-foto-aksident"},"_links":{"self":[{"href":"https:\/\/jugulajm.net\/index.php?rest_route=\/wp\/v2\/posts\/77563","targetHints":{"allow":["GET"]}}],"collection":[{"href":"https:\/\/jugulajm.net\/index.php?rest_route=\/wp\/v2\/posts"}],"about":[{"href":"https:\/\/jugulajm.net\/index.php?rest_route=\/wp\/v2\/types\/post"}],"author":[{"embeddable":true,"href":"https:\/\/jugulajm.net\/index.php?rest_route=\/wp\/v2\/users\/5"}],"replies":[{"embeddable":true,"href":"https:\/\/jugulajm.net\/index.php?rest_route=%2Fwp%2Fv2%2Fcomments&post=77563"}],"version-history":[{"count":0,"href":"https:\/\/jugulajm.net\/index.php?rest_route=\/wp\/v2\/posts\/77563\/revisions"}],"wp:featuredmedia":[{"embeddable":true,"href":"https:\/\/jugulajm.net\/index.php?rest_route=\/wp\/v2\/media\/77564"}],"wp:attachment":[{"href":"https:\/\/jugulajm.net\/index.php?rest_route=%2Fwp%2Fv2%2Fmedia&parent=77563"}],"wp:term":[{"taxonomy":"category","embeddable":true,"href":"https:\/\/jugulajm.net\/index.php?rest_route=%2Fwp%2Fv2%2Fcategories&post=77563"},{"taxonomy":"post_tag","embeddable":true,"href":"https:\/\/jugulajm.net\/index.php?rest_route=%2Fwp%2Fv2%2Ftags&post=77563"}],"curies":[{"name":"wp","href":"https:\/\/api.w.org\/{rel}","templated":true}]}}