{"id":77544,"date":"2024-08-09T08:31:05","date_gmt":"2024-08-09T06:31:05","guid":{"rendered":"https:\/\/jugulajm.net\/?p=77544"},"modified":"2024-08-09T08:31:05","modified_gmt":"2024-08-09T06:31:05","slug":"emrat-fotot-shpallen-ne-kerkim-2-motrat-i-thyen-shishen-ne-fytyre-24-vjecares","status":"publish","type":"post","link":"https:\/\/jugulajm.net\/?p=77544","title":{"rendered":"EMRAT-FOTOT\/ Shpallen n\u00eb k\u00ebrkim 2 motrat, i thyen shishen n\u00eb fytyr\u00eb 24-vje\u00e7ares"},"content":{"rendered":"<p>Motrat Mariela dhe Antonela Berishaj jan\u00eb shpallur n\u00eb k\u00ebrkim nga Policia e Shtetit, pasi akuzohen se jan\u00eb pas dhun\u00ebs fizike t\u00eb nj\u00eb vajz\u00eb t\u00eb identifikuar si Klea Prenga.<\/p>\n<p>E reja ka denoncuar n\u00eb instagram se \u00ebsht\u00eb dhunuar nga nj\u00eb person teksa po darkonte n\u00eb nj\u00eb lokal n\u00eb Tiran\u00eb\u00a0t\u00eb mart\u00ebn e 6 gushtit.<\/p>\n<p>N\u00eb fotot dhe videon e postuar n\u00eb instagram vajza duket se ka d\u00ebmtime t\u00eb r\u00ebnda\u00a0n\u00eb fytyr\u00eb. Dy motrat jan\u00eb shpallur n\u00eb k\u00ebrkim p\u00ebr akuz\u00ebn\u00a0\u00a0<em>&#8220;Plagosja e r\u00ebnd\u00eb me dashje&#8221; kryer n\u00eb bashk\u00ebpunim&#8221;.<\/em><\/p>\n<p><strong>Njoftimi i policis\u00eb:<\/strong><\/p>\n<p>Specialist\u00ebt p\u00ebr Hetimin e Krimeve t\u00eb Komisariatit t\u00eb Policis\u00eb Nr. 1 kan\u00eb referuar materialet n\u00eb Prokurorin\u00eb pran\u00eb Gjykat\u00ebs s\u00eb Shkall\u00ebs s\u00eb Par\u00eb t\u00eb Juridiksionit t\u00eb P\u00ebrgjithsh\u00ebm Tiran\u00eb dhe po punojn\u00eb p\u00ebr lokalizimin e shtetaseve A. B., 28 vje\u00e7e, dhe M. B., 28 vje\u00e7e, t\u00eb dyja banuese n\u00eb Tiran\u00eb, p\u00ebr vepr\u00ebn penale &#8220;Plagosja e r\u00ebnd\u00eb me dashje&#8221; kryer n\u00eb bashk\u00ebpunim, parashikuar nga neni 88\/25 i Kodit Penal. K\u00ebty dy shtetase, n\u00eb bashk\u00ebpunim me nj\u00ebra-tjetr\u00ebn, n\u00eb ambientet e nj\u00eb lokali n\u00eb Tiran\u00eb, dyshohet se kan\u00eb goditur me shishe qelqi n\u00eb fytyr\u00eb shtetasen K. P., 24 vje\u00e7e.<\/p>\n<p><iframe loading=\"lazy\" id=\"galeri_slider\" src=\"https:\/\/shqiptarja.com\/galeri\/10980\" width=\"100%\" height=\"440\" frameborder=\"0\" scrolling=\"no\" data-mce-fragment=\"1\"><\/iframe><\/p>\n","protected":false},"excerpt":{"rendered":"<p>Motrat Mariela dhe Antonela Berishaj jan\u00eb shpallur n\u00eb k\u00ebrkim nga Policia e Shtetit, pasi akuzohen se jan\u00eb pas dhun\u00ebs fizike t\u00eb nj\u00eb vajz\u00eb t\u00eb identifikuar si Klea Prenga. E reja ka denoncuar n\u00eb instagram se \u00ebsht\u00eb dhunuar nga nj\u00eb person teksa po darkonte n\u00eb nj\u00eb lokal n\u00eb Tiran\u00eb\u00a0t\u00eb mart\u00ebn e 6 gushtit. N\u00eb fotot dhe [&hellip;]<\/p>\n","protected":false},"author":5,"featured_media":77545,"comment_status":"closed","ping_status":"closed","sticky":false,"template":"","format":"standard","meta":{"footnotes":""},"categories":[1,6332,29228],"tags":[32518,32519],"class_list":{"0":"post-77544","1":"post","2":"type-post","3":"status-publish","4":"format-standard","5":"has-post-thumbnail","7":"category-aktualitet","8":"category-te-fundit","9":"category-vendi","10":"tag-emrat-fotot-shpallen-ne-kerkim-2-motrat","11":"tag-i-thyen-shishen-ne-fytyre-24-vjecares"},"_links":{"self":[{"href":"https:\/\/jugulajm.net\/index.php?rest_route=\/wp\/v2\/posts\/77544","targetHints":{"allow":["GET"]}}],"collection":[{"href":"https:\/\/jugulajm.net\/index.php?rest_route=\/wp\/v2\/posts"}],"about":[{"href":"https:\/\/jugulajm.net\/index.php?rest_route=\/wp\/v2\/types\/post"}],"author":[{"embeddable":true,"href":"https:\/\/jugulajm.net\/index.php?rest_route=\/wp\/v2\/users\/5"}],"replies":[{"embeddable":true,"href":"https:\/\/jugulajm.net\/index.php?rest_route=%2Fwp%2Fv2%2Fcomments&post=77544"}],"version-history":[{"count":0,"href":"https:\/\/jugulajm.net\/index.php?rest_route=\/wp\/v2\/posts\/77544\/revisions"}],"wp:featuredmedia":[{"embeddable":true,"href":"https:\/\/jugulajm.net\/index.php?rest_route=\/wp\/v2\/media\/77545"}],"wp:attachment":[{"href":"https:\/\/jugulajm.net\/index.php?rest_route=%2Fwp%2Fv2%2Fmedia&parent=77544"}],"wp:term":[{"taxonomy":"category","embeddable":true,"href":"https:\/\/jugulajm.net\/index.php?rest_route=%2Fwp%2Fv2%2Fcategories&post=77544"},{"taxonomy":"post_tag","embeddable":true,"href":"https:\/\/jugulajm.net\/index.php?rest_route=%2Fwp%2Fv2%2Ftags&post=77544"}],"curies":[{"name":"wp","href":"https:\/\/api.w.org\/{rel}","templated":true}]}}