{"id":77535,"date":"2024-08-08T17:31:50","date_gmt":"2024-08-08T15:31:50","guid":{"rendered":"https:\/\/jugulajm.net\/?p=77535"},"modified":"2024-08-08T17:32:13","modified_gmt":"2024-08-08T15:32:13","slug":"vrasja-ne-azilin-e-pleqve-arrestohen-2-infermiere-ja-arsyeja","status":"publish","type":"post","link":"https:\/\/jugulajm.net\/?p=77535","title":{"rendered":"Vrasja n\u00eb azilin e pleqve, arrestohen 2 infermiere, ja arsyeja&#8230;"},"content":{"rendered":"<p>Dy infermiere jan\u00eb arrestuar pas vrasjes s\u00eb ndodhur n\u00eb azilin e t\u00eb moshuarve n\u00eb Tiran\u00eb. dyshohet se infermieret kan\u00eb penguar zbardhjen e s\u00eb v\u00ebrtet\u00ebs.<\/p>\n<p>Sipas infermierja pasi ka par\u00eb t\u00eb moshuarin q\u00eb ka nd\u00ebrruar jet\u00eb, ka telefonuar nj\u00eb agjenci funerale p\u00ebr t\u00eb t\u00ebhequr trupin e pajet\u00eb.<\/p>\n<p>N\u00eb momentin q\u00eb po kryheshin procedurat n\u00eb morg \u00ebsht\u00eb v\u00ebrejtur, q\u00eb ka pasur d\u00ebmtime serioze dhe \u00ebsht\u00eb njoftuar policia.<\/p>\n<p>Kujtojm\u00eb se ngjarja e r\u00ebnd\u00eb ndodhi rreth or\u00ebs 04:00 t\u00eb m\u00ebngjesit n\u00eb nj\u00eb azil privat n\u00eb kryeqytet k\u00ebt\u00eb t\u00eb enjte, ku nj\u00eb i moshuar ka q\u00eblluar p\u00ebr vdekje shokun e tij t\u00eb dhom\u00ebs.<\/p>\n<p>Dy t\u00eb moshuarit Zyhdi Shehu 78-vje\u00e7 dhe viktima Virxhil Vesho, 82-vje\u00e7 jan\u00eb konfliktuar me nj\u00ebrin tjetrin p\u00ebr krevatin.<\/p>\n<p>\u201cPse m\u00eb ke zen\u00eb krevatin\u201d- m\u00ebsohet t\u2019i ket\u00eb then\u00eb Shehu 82-vje\u00e7arit, p\u00ebrpara se ta q\u00ebllonte p\u00ebr vdekje me nj\u00eb bastun.<\/p>\n<p>Autori e ka q\u00eblluar disa her\u00eb n\u00eb pjes\u00eb t\u00eb ndryshme t\u00eb trupit dhe n\u00eb kok\u00eb, duke e l\u00ebn\u00eb 82-vje\u00e7arin t\u00eb vdekur n\u00eb vend.<\/p>\n<p>Sipas informacioneve paraprake b\u00ebhet me dije se si autori ashtu edhe viktima vuanin nga skleroza.<\/p>\n","protected":false},"excerpt":{"rendered":"<p>Dy infermiere jan\u00eb arrestuar pas vrasjes s\u00eb ndodhur n\u00eb azilin e t\u00eb moshuarve n\u00eb Tiran\u00eb. dyshohet se infermieret kan\u00eb penguar zbardhjen e s\u00eb v\u00ebrtet\u00ebs. Sipas infermierja pasi ka par\u00eb t\u00eb moshuarin q\u00eb ka nd\u00ebrruar jet\u00eb, ka telefonuar nj\u00eb agjenci funerale p\u00ebr t\u00eb t\u00ebhequr trupin e pajet\u00eb. N\u00eb momentin q\u00eb po kryheshin procedurat n\u00eb morg \u00ebsht\u00eb [&hellip;]<\/p>\n","protected":false},"author":5,"featured_media":52254,"comment_status":"closed","ping_status":"closed","sticky":false,"template":"","format":"standard","meta":{"footnotes":""},"categories":[1,6332,29228],"tags":[32514,20856,32513],"class_list":{"0":"post-77535","1":"post","2":"type-post","3":"status-publish","4":"format-standard","5":"has-post-thumbnail","7":"category-aktualitet","8":"category-te-fundit","9":"category-vendi","10":"tag-arrestohen-2-infermiere","11":"tag-ja-arsyeja","12":"tag-vrasja-ne-azilin-e-pleqve"},"_links":{"self":[{"href":"https:\/\/jugulajm.net\/index.php?rest_route=\/wp\/v2\/posts\/77535","targetHints":{"allow":["GET"]}}],"collection":[{"href":"https:\/\/jugulajm.net\/index.php?rest_route=\/wp\/v2\/posts"}],"about":[{"href":"https:\/\/jugulajm.net\/index.php?rest_route=\/wp\/v2\/types\/post"}],"author":[{"embeddable":true,"href":"https:\/\/jugulajm.net\/index.php?rest_route=\/wp\/v2\/users\/5"}],"replies":[{"embeddable":true,"href":"https:\/\/jugulajm.net\/index.php?rest_route=%2Fwp%2Fv2%2Fcomments&post=77535"}],"version-history":[{"count":0,"href":"https:\/\/jugulajm.net\/index.php?rest_route=\/wp\/v2\/posts\/77535\/revisions"}],"wp:featuredmedia":[{"embeddable":true,"href":"https:\/\/jugulajm.net\/index.php?rest_route=\/wp\/v2\/media\/52254"}],"wp:attachment":[{"href":"https:\/\/jugulajm.net\/index.php?rest_route=%2Fwp%2Fv2%2Fmedia&parent=77535"}],"wp:term":[{"taxonomy":"category","embeddable":true,"href":"https:\/\/jugulajm.net\/index.php?rest_route=%2Fwp%2Fv2%2Fcategories&post=77535"},{"taxonomy":"post_tag","embeddable":true,"href":"https:\/\/jugulajm.net\/index.php?rest_route=%2Fwp%2Fv2%2Ftags&post=77535"}],"curies":[{"name":"wp","href":"https:\/\/api.w.org\/{rel}","templated":true}]}}