{"id":77461,"date":"2024-08-06T18:41:01","date_gmt":"2024-08-06T16:41:01","guid":{"rendered":"https:\/\/jugulajm.net\/?p=77461"},"modified":"2024-08-06T18:41:01","modified_gmt":"2024-08-06T16:41:01","slug":"sapo-kishte-lene-qeline-qellon-me-arme-bashkeshorten","status":"publish","type":"post","link":"https:\/\/jugulajm.net\/?p=77461","title":{"rendered":"Sapo kishte l\u00ebn\u00eb qelin\u00eb, q\u00ebllon me arm\u00eb bashk\u00ebshorten"},"content":{"rendered":"<p>I dyshuari I.A. i cili q\u00eblloi me arm\u00eb zjarri bashk\u00ebshorten e tij m\u00ebngjesin e s\u00eb mart\u00ebs n\u00eb Bresje t\u00eb Fush\u00eb Kosov\u00ebs vet\u00ebm pak dit\u00eb m\u00eb par\u00eb ishte arrestuar p\u00ebr dhun\u00eb n\u00eb familje por q\u00eb ishte liruar nga gjykata.<\/p>\n<p>Prokuroria Themelore n\u00eb Prishtin\u00eb konfirmoi se pasditen e s\u00eb premtes s\u00eb 2 gushtit autori \u00ebsht\u00eb ndaluar dhe ndaj tij fillimisht \u00ebsht\u00eb k\u00ebrkuar caktimi i mas\u00ebs s\u00eb paraburgimit.<\/p>\n<p>N\u00eb seanc\u00ebn fillestar\u00eb q\u00eb \u00ebsht\u00eb mbajtur m\u00eb 4 gusht n\u00eb Gjykat\u00ebn Themelore n\u00eb Prishtin\u00eb \u2013 dega n\u00eb Fush\u00eb Kosov\u00eb, Prokurori i Shtetit, duke marr\u00eb parasysh gjendjen sh\u00ebndet\u00ebsore t\u00eb tij si dhe faktin se i pandehuri ka edhe nj\u00eb adres\u00eb tjet\u00ebr banimi, ka propozuar mas\u00ebn e arrestit n\u00eb sht\u00ebpi.<\/p>\n<p>\u201cGjykata ka refuzuar propozimin e Prokurorit t\u00eb Shtetit p\u00ebr caktimin e mas\u00ebs s\u00eb arrestit sht\u00ebpiak, ashtu q\u00eb ndaj t\u00eb pandehurit I.A, \u00ebsht\u00eb caktuar masa e ndalimit p\u00ebr t\u2019iu afruar vendit apo personit t\u00eb caktuar\u201d, njoftoi prokuroria q\u00eb faj\u00ebsoi gjykat\u00ebn p\u00ebr lirimin e tij.<\/p>\n<p>I dyshuari I.A. pas plagosjes s\u00eb bashk\u00ebshortes akuzohet p\u00ebr \u201cVrasje e r\u00ebnd\u00eb n\u00eb tentativ\u00eb\u201d, \u201cMbajtja n\u00eb pron\u00ebsi, kontroll ose posedim t\u00eb paautorizuar t\u00eb arm\u00ebve\u201d dhe \u201cMosp\u00ebrfillja e gjykat\u00ebs\u201d.<\/p>\n","protected":false},"excerpt":{"rendered":"<p>I dyshuari I.A. i cili q\u00eblloi me arm\u00eb zjarri bashk\u00ebshorten e tij m\u00ebngjesin e s\u00eb mart\u00ebs n\u00eb Bresje t\u00eb Fush\u00eb Kosov\u00ebs vet\u00ebm pak dit\u00eb m\u00eb par\u00eb ishte arrestuar p\u00ebr dhun\u00eb n\u00eb familje por q\u00eb ishte liruar nga gjykata. Prokuroria Themelore n\u00eb Prishtin\u00eb konfirmoi se pasditen e s\u00eb premtes s\u00eb 2 gushtit autori \u00ebsht\u00eb ndaluar dhe [&hellip;]<\/p>\n","protected":false},"author":5,"featured_media":68996,"comment_status":"closed","ping_status":"closed","sticky":false,"template":"","format":"standard","meta":{"footnotes":""},"categories":[1,27451,6332],"tags":[32473,32472],"class_list":{"0":"post-77461","1":"post","2":"type-post","3":"status-publish","4":"format-standard","5":"has-post-thumbnail","7":"category-aktualitet","8":"category-kosova","9":"category-te-fundit","10":"tag-qellon-me-arme-bashkeshorten","11":"tag-sapo-kishte-lene-qeline"},"_links":{"self":[{"href":"https:\/\/jugulajm.net\/index.php?rest_route=\/wp\/v2\/posts\/77461","targetHints":{"allow":["GET"]}}],"collection":[{"href":"https:\/\/jugulajm.net\/index.php?rest_route=\/wp\/v2\/posts"}],"about":[{"href":"https:\/\/jugulajm.net\/index.php?rest_route=\/wp\/v2\/types\/post"}],"author":[{"embeddable":true,"href":"https:\/\/jugulajm.net\/index.php?rest_route=\/wp\/v2\/users\/5"}],"replies":[{"embeddable":true,"href":"https:\/\/jugulajm.net\/index.php?rest_route=%2Fwp%2Fv2%2Fcomments&post=77461"}],"version-history":[{"count":0,"href":"https:\/\/jugulajm.net\/index.php?rest_route=\/wp\/v2\/posts\/77461\/revisions"}],"wp:featuredmedia":[{"embeddable":true,"href":"https:\/\/jugulajm.net\/index.php?rest_route=\/wp\/v2\/media\/68996"}],"wp:attachment":[{"href":"https:\/\/jugulajm.net\/index.php?rest_route=%2Fwp%2Fv2%2Fmedia&parent=77461"}],"wp:term":[{"taxonomy":"category","embeddable":true,"href":"https:\/\/jugulajm.net\/index.php?rest_route=%2Fwp%2Fv2%2Fcategories&post=77461"},{"taxonomy":"post_tag","embeddable":true,"href":"https:\/\/jugulajm.net\/index.php?rest_route=%2Fwp%2Fv2%2Ftags&post=77461"}],"curies":[{"name":"wp","href":"https:\/\/api.w.org\/{rel}","templated":true}]}}