{"id":77404,"date":"2024-08-05T09:51:43","date_gmt":"2024-08-05T07:51:43","guid":{"rendered":"https:\/\/jugulajm.net\/?p=77404"},"modified":"2024-08-05T09:52:05","modified_gmt":"2024-08-05T07:52:05","slug":"foto-ja-si-do-te-jete-moti-per-te-gjithe-javen","status":"publish","type":"post","link":"https:\/\/jugulajm.net\/?p=77404","title":{"rendered":"FOTO\/ Ja si do t\u00eb jet\u00eb moti p\u00ebr t\u00eb gjith\u00eb jav\u00ebn&#8230;"},"content":{"rendered":"<p>K\u00ebt\u00eb jav\u00eb, sipas Sh\u00ebrbimit Meteorologjik Ushtarak, vendi yn\u00eb pritet t\u00eb ndikohet nga kushte atmosferike t\u00eb q\u00ebndrueshme, si rezultat i aktivitetit t\u00eb masave t\u00eb ajrore t\u00eb nxehta me origjin\u00eb nga Anticikloni i Azoreve si dhe veriu i Afrik\u00ebs.<\/p>\n<p>Dita m\u00eb e nxeht\u00eb do t\u00eb jet\u00eb e premtja, dhe temperaturat n\u00eb Tiran\u00eb, Berat, Elbasan, Fier, Shkod\u00ebr dhe Lezh\u00eb, do t\u00eb arrijn\u00eb 40-41 grad\u00eb celsius.<\/p>\n<div>\n<p>Gjithashtu, moti pritet t\u00eb jet\u00eb kryesisht i kthjell\u00ebt e or\u00ebt e plota me diell pa p\u00ebrjashtuar alternimet e her\u00ebpasher\u00ebshme t\u00eb vran\u00ebsirave kryesisht nga or\u00ebt e mesdit\u00ebs e pasdite n\u00eb relievet kodrinore \u2013 malore t\u00eb vendit.<\/p>\n<\/div>\n<p>Vran\u00ebsirat hera \u2013 her\u00ebs pritet t\u00eb shoq\u00ebrohen me reshje t\u00eb shiu me intensitet t\u00eb ul\u00ebt. Reshjet pritet t\u00eb jen\u00eb n\u00eb form\u00ebn e shtr\u00ebngatave afatshkurtra shoq\u00ebruar me shkarkesa elektrike e n\u00eb m\u00ebnyr\u00eb t\u00eb izoluar bresh\u00ebr.<\/p>\n<p>Era do t\u00eb fryj\u00eb me drejtim veriper\u00ebndim-verilindje me shpejt\u00ebsi 3-8m\/s, nd\u00ebrsa gjat\u00eb dit\u00ebs s\u00eb h\u00ebn\u00eb p\u00ebrgjat\u00eb vij\u00ebs bregdetare, lugina e male era fiton shpejt\u00ebsi 10-14m\/sek, shoq\u00ebruar me dallg\u00ebzim t\u00eb forc\u00ebs 1-3ball\u00eb.<img decoding=\"async\" src=\"https:\/\/www.panorama.com.al\/wp-content\/uploads\/2024\/08\/453849626_1210607266633607_8574444961562487335_n.jpg\" alt=\"453849626_1210607266633607_8574444961562487335_n\" \/><\/p>\n","protected":false},"excerpt":{"rendered":"<p>K\u00ebt\u00eb jav\u00eb, sipas Sh\u00ebrbimit Meteorologjik Ushtarak, vendi yn\u00eb pritet t\u00eb ndikohet nga kushte atmosferike t\u00eb q\u00ebndrueshme, si rezultat i aktivitetit t\u00eb masave t\u00eb ajrore t\u00eb nxehta me origjin\u00eb nga Anticikloni i Azoreve si dhe veriu i Afrik\u00ebs. Dita m\u00eb e nxeht\u00eb do t\u00eb jet\u00eb e premtja, dhe temperaturat n\u00eb Tiran\u00eb, Berat, Elbasan, Fier, Shkod\u00ebr dhe [&hellip;]<\/p>\n","protected":false},"author":5,"featured_media":47843,"comment_status":"closed","ping_status":"closed","sticky":false,"template":"","format":"standard","meta":{"footnotes":""},"categories":[7650,6332,29228],"tags":[32443],"class_list":{"0":"post-77404","1":"post","2":"type-post","3":"status-publish","4":"format-standard","5":"has-post-thumbnail","7":"category-moti","8":"category-te-fundit","9":"category-vendi","10":"tag-foto-ja-si-do-te-jete-moti-per-te-gjithe-javen"},"_links":{"self":[{"href":"https:\/\/jugulajm.net\/index.php?rest_route=\/wp\/v2\/posts\/77404","targetHints":{"allow":["GET"]}}],"collection":[{"href":"https:\/\/jugulajm.net\/index.php?rest_route=\/wp\/v2\/posts"}],"about":[{"href":"https:\/\/jugulajm.net\/index.php?rest_route=\/wp\/v2\/types\/post"}],"author":[{"embeddable":true,"href":"https:\/\/jugulajm.net\/index.php?rest_route=\/wp\/v2\/users\/5"}],"replies":[{"embeddable":true,"href":"https:\/\/jugulajm.net\/index.php?rest_route=%2Fwp%2Fv2%2Fcomments&post=77404"}],"version-history":[{"count":0,"href":"https:\/\/jugulajm.net\/index.php?rest_route=\/wp\/v2\/posts\/77404\/revisions"}],"wp:featuredmedia":[{"embeddable":true,"href":"https:\/\/jugulajm.net\/index.php?rest_route=\/wp\/v2\/media\/47843"}],"wp:attachment":[{"href":"https:\/\/jugulajm.net\/index.php?rest_route=%2Fwp%2Fv2%2Fmedia&parent=77404"}],"wp:term":[{"taxonomy":"category","embeddable":true,"href":"https:\/\/jugulajm.net\/index.php?rest_route=%2Fwp%2Fv2%2Fcategories&post=77404"},{"taxonomy":"post_tag","embeddable":true,"href":"https:\/\/jugulajm.net\/index.php?rest_route=%2Fwp%2Fv2%2Ftags&post=77404"}],"curies":[{"name":"wp","href":"https:\/\/api.w.org\/{rel}","templated":true}]}}