{"id":77379,"date":"2024-08-04T11:22:37","date_gmt":"2024-08-04T09:22:37","guid":{"rendered":"https:\/\/jugulajm.net\/?p=77379"},"modified":"2024-08-04T11:23:28","modified_gmt":"2024-08-04T09:23:28","slug":"emrat-arrestohen-29-vjecarja-dhe-26-vjecari-kercenuan-me-thike-taksistin-dhe-e-grabiten","status":"publish","type":"post","link":"https:\/\/jugulajm.net\/?p=77379","title":{"rendered":"EMRAT\/ Arrestohen 29-vje\u00e7arja dhe 26-vje\u00e7ari, k\u00ebrc\u00ebnuan me thik\u00eb taksistin dhe e grabit\u00ebn"},"content":{"rendered":"<p>Dy persona jan\u00eb arrestuar dit\u00ebn e sotme n\u00eb Durr\u00ebs t\u00eb cil\u00ebt dyshohet se k\u00ebrc\u00ebnuan me thik\u00eb drejtuesin e taksis\u00eb dhe i mor\u00ebn nj\u00eb shum\u00eb parash<\/p>\n<p>M\u00ebsohet se Viola Bodlli, 29 vje\u00e7 dhe Agron Braha, 26 vje\u00e7, hip\u00ebn n\u00eb nj\u00eb taksi n\u00eb rrethrrotullimin \u201cILIRIA\u201d n\u00eb plazh, dhe k\u00ebrc\u00ebnuan me thik\u00eb taksistin.<\/p>\n<div class=\"jeg_ad jeg_ad_article jnews_content_inline_2_ads \">\n<div class=\"ads-wrapper align-center \">\n<div class=\"ads_code\">P\u00ebr pasoj\u00eb 29-vje\u00e7arja i vodhi shum\u00ebn e parave q\u00eb taksisti kishte n\u00eb makin\u00eb dhe dy autor\u00ebt u larguan nga automjeti.<\/div>\n<\/div>\n<\/div>\n<p>Materialet i kaluan Prokuroris\u00eb pran\u00eb Gjykat\u00ebs s\u00eb Shkall\u00ebs s\u00eb Par\u00eb t\u00eb Juridiksionit t\u00eb P\u00ebrgjithsh\u00ebm Durr\u00ebs, p\u00ebr veprime t\u00eb m\u00ebtejshme<\/p>\n<p><em>\u201cHip\u00ebn n\u00eb nj\u00eb taksi dhe m\u00eb pas e k\u00ebrc\u00ebnuan me thik\u00eb drejtuesin e taksis\u00eb dhe i mor\u00ebn nj\u00eb shum\u00eb parash, fal\u00eb reagimit t\u00eb shpejt\u00eb t\u00eb Policis\u00eb, identifikohen dhe vihen n\u00eb pranga autor\u00ebt e dyshuar.\u00a0<\/em><em>Policia vuri n\u00eb pranga nj\u00eb 26-vje\u00e7ar dhe nj\u00eb 29-vje\u00e7are, t\u00eb cil\u00ebt k\u00ebrc\u00ebnuan taksistin me nj\u00eb thik\u00eb dhe i mor\u00ebn nj\u00eb shum\u00eb parash.<\/em><\/p>\n<p><em>Sh\u00ebrbimet e Policis\u00eb, me marrjen e njoftimit se dy shtetas kishin k\u00ebrc\u00ebnuar me thik\u00eb nj\u00eb drejtues taksie dhe i kishin marr\u00eb nj\u00eb shum\u00eb parash, menj\u00ebher\u00eb organizuan pun\u00ebn dhe fal\u00eb nd\u00ebrhyrjes s\u00eb shpejt\u00eb dhe profesionale, b\u00ebn\u00eb t\u00eb mundur identifikimin, kapjen dhe arrestimin e autor\u00ebve, konkretisht shtetasit:<\/em><\/p>\n<p><em>Vihen n\u00eb pranga shetasit Viola Bodlli 29 vje\u00e7 dhe Agron Braha 26 vje\u00e7.\u00a0<\/em><em>Nga hetimet rezultoi se rreth or\u00ebs 01:00, n\u00eb lagjen Nr.13, n\u00eb vendin e quajtur rrethrrotullimi \u201cILIRIA\u201d n\u00eb plazh, k\u00ebta shtetas hip\u00ebn n\u00eb automjetin taksi me drejtues shtetasin I. K.<\/em><\/p>\n<p><em>N\u00eb momentin q\u00eb hip\u00ebn n\u00eb makin\u00eb, shtetasi A.B. dyshohet se k\u00ebrc\u00ebnoi taksistin me nj\u00eb thik\u00eb, nd\u00ebrsa shtetasja V.B. i mori nj\u00eb shum\u00eb parash q\u00eb taksisti kishte n\u00eb makin\u00eb (xhiron ditore) dhe u larguan nga automjeti.<\/em><em>\u201c, njofton policia.<\/em><\/p>\n","protected":false},"excerpt":{"rendered":"<p>Dy persona jan\u00eb arrestuar dit\u00ebn e sotme n\u00eb Durr\u00ebs t\u00eb cil\u00ebt dyshohet se k\u00ebrc\u00ebnuan me thik\u00eb drejtuesin e taksis\u00eb dhe i mor\u00ebn nj\u00eb shum\u00eb parash M\u00ebsohet se Viola Bodlli, 29 vje\u00e7 dhe Agron Braha, 26 vje\u00e7, hip\u00ebn n\u00eb nj\u00eb taksi n\u00eb rrethrrotullimin \u201cILIRIA\u201d n\u00eb plazh, dhe k\u00ebrc\u00ebnuan me thik\u00eb taksistin. P\u00ebr pasoj\u00eb 29-vje\u00e7arja i vodhi [&hellip;]<\/p>\n","protected":false},"author":5,"featured_media":52095,"comment_status":"closed","ping_status":"closed","sticky":false,"template":"","format":"standard","meta":{"footnotes":""},"categories":[1,6332,29228],"tags":[32428,32429],"class_list":{"0":"post-77379","1":"post","2":"type-post","3":"status-publish","4":"format-standard","5":"has-post-thumbnail","7":"category-aktualitet","8":"category-te-fundit","9":"category-vendi","10":"tag-emrat-arrestohen-29-vjecarja-dhe-26-vjecari","11":"tag-kercenuan-me-thike-taksistin-dhe-e-grabiten"},"_links":{"self":[{"href":"https:\/\/jugulajm.net\/index.php?rest_route=\/wp\/v2\/posts\/77379","targetHints":{"allow":["GET"]}}],"collection":[{"href":"https:\/\/jugulajm.net\/index.php?rest_route=\/wp\/v2\/posts"}],"about":[{"href":"https:\/\/jugulajm.net\/index.php?rest_route=\/wp\/v2\/types\/post"}],"author":[{"embeddable":true,"href":"https:\/\/jugulajm.net\/index.php?rest_route=\/wp\/v2\/users\/5"}],"replies":[{"embeddable":true,"href":"https:\/\/jugulajm.net\/index.php?rest_route=%2Fwp%2Fv2%2Fcomments&post=77379"}],"version-history":[{"count":0,"href":"https:\/\/jugulajm.net\/index.php?rest_route=\/wp\/v2\/posts\/77379\/revisions"}],"wp:featuredmedia":[{"embeddable":true,"href":"https:\/\/jugulajm.net\/index.php?rest_route=\/wp\/v2\/media\/52095"}],"wp:attachment":[{"href":"https:\/\/jugulajm.net\/index.php?rest_route=%2Fwp%2Fv2%2Fmedia&parent=77379"}],"wp:term":[{"taxonomy":"category","embeddable":true,"href":"https:\/\/jugulajm.net\/index.php?rest_route=%2Fwp%2Fv2%2Fcategories&post=77379"},{"taxonomy":"post_tag","embeddable":true,"href":"https:\/\/jugulajm.net\/index.php?rest_route=%2Fwp%2Fv2%2Ftags&post=77379"}],"curies":[{"name":"wp","href":"https:\/\/api.w.org\/{rel}","templated":true}]}}