{"id":77360,"date":"2024-08-03T16:21:53","date_gmt":"2024-08-03T14:21:53","guid":{"rendered":"https:\/\/jugulajm.net\/?p=77360"},"modified":"2024-08-03T16:21:53","modified_gmt":"2024-08-03T14:21:53","slug":"emri-foto-itali-humb-jeten-21-vjecari-shqiptar-e-zuri-gjumi-ne-timon-dhe","status":"publish","type":"post","link":"https:\/\/jugulajm.net\/?p=77360","title":{"rendered":"EMRI-FOTO\/ Itali, humb jet\u00ebn 21-vje\u00e7ari shqiptar, e zuri gjumi n\u00eb timon dhe&#8230;"},"content":{"rendered":"<p>Nj\u00eb 21-vje\u00e7ar shqiptar ka nd\u00ebrruar jet\u00eb tragjikisht n\u00eb Itali, pas nj\u00eb aksidenti me makin\u00eb. Sipas mediave italiane, i riu i identifikuar si Ani Gjergji, \u00ebsht\u00eb p\u00ebrplasur me makin\u00eb n\u00eb zon\u00ebn Chions in via Cesena, or\u00ebt e para t\u00eb m\u00ebngjesit t\u00eb sot\u00ebm.<\/p>\n<p>Dyshohet se 21-vje\u00e7arin e ka z\u00ebn\u00eb gjumi n\u00eb makin\u00eb dhe p\u00ebr shkak t\u00eb shpejt\u00ebsis\u00eb s\u00eb madhe me t\u00eb cil\u00ebn po l\u00ebvizte, ai ka dal\u00eb nga rruga dhe ka p\u00ebrfunduar n\u00eb nj\u00eb ur\u00eb t\u00eb vog\u00ebl betoni dhe menj\u00ebher\u00eb mjeti ka shp\u00ebrthyer n\u00eb flak\u00eb dhe ka shkrumbuar plot\u00ebsisht makin\u00ebn.<\/p>\n<p>I riu ka mbetur i bllokuar n\u00eb mjet duke mos arritur t\u00eb dal\u00eb, e duke u djegur plot\u00ebsisht, teksa po kthehen n\u00eb banes\u00eb \u00eb tij pas nj\u00eb feste me miqt\u00eb.<\/p>\n<p>Mediat italiane shkruajn\u00eb se Ani Gjergji bashk\u00eb me familjen e tij jetonte prej shum\u00eb vitesh n\u00eb zon\u00ebn e Azzano Decimo (Pordenone), shum\u00eb pran\u00eb vendin t\u00eb ngjarjes.<\/p>\n<p>Nd\u00ebrkoh\u00eb, m\u00ebsohet se autoritetet kan\u00eb sekuestruar mjetin e 21-vje\u00e7arit, i cili \u00ebsht\u00eb shkat\u00ebrruar plot\u00ebsisht nga flak\u00ebt, nd\u00ebrsa vijojn\u00eb hetimet p\u00ebr zbardhjen e plot\u00eb t\u00eb aksidentit fatal.<\/p>\n","protected":false},"excerpt":{"rendered":"<p>Nj\u00eb 21-vje\u00e7ar shqiptar ka nd\u00ebrruar jet\u00eb tragjikisht n\u00eb Itali, pas nj\u00eb aksidenti me makin\u00eb. Sipas mediave italiane, i riu i identifikuar si Ani Gjergji, \u00ebsht\u00eb p\u00ebrplasur me makin\u00eb n\u00eb zon\u00ebn Chions in via Cesena, or\u00ebt e para t\u00eb m\u00ebngjesit t\u00eb sot\u00ebm. Dyshohet se 21-vje\u00e7arin e ka z\u00ebn\u00eb gjumi n\u00eb makin\u00eb dhe p\u00ebr shkak t\u00eb shpejt\u00ebsis\u00eb [&hellip;]<\/p>\n","protected":false},"author":5,"featured_media":77361,"comment_status":"closed","ping_status":"closed","sticky":false,"template":"","format":"standard","meta":{"footnotes":""},"categories":[1,7664,6332],"tags":[32422,23305,28575],"class_list":{"0":"post-77360","1":"post","2":"type-post","3":"status-publish","4":"format-standard","5":"has-post-thumbnail","7":"category-aktualitet","8":"category-bota","9":"category-te-fundit","10":"tag-e-zuri-gjumi-ne-timon-dhe","11":"tag-emri-foto-itali","12":"tag-humb-jeten-21-vjecari-shqiptar"},"_links":{"self":[{"href":"https:\/\/jugulajm.net\/index.php?rest_route=\/wp\/v2\/posts\/77360","targetHints":{"allow":["GET"]}}],"collection":[{"href":"https:\/\/jugulajm.net\/index.php?rest_route=\/wp\/v2\/posts"}],"about":[{"href":"https:\/\/jugulajm.net\/index.php?rest_route=\/wp\/v2\/types\/post"}],"author":[{"embeddable":true,"href":"https:\/\/jugulajm.net\/index.php?rest_route=\/wp\/v2\/users\/5"}],"replies":[{"embeddable":true,"href":"https:\/\/jugulajm.net\/index.php?rest_route=%2Fwp%2Fv2%2Fcomments&post=77360"}],"version-history":[{"count":0,"href":"https:\/\/jugulajm.net\/index.php?rest_route=\/wp\/v2\/posts\/77360\/revisions"}],"wp:featuredmedia":[{"embeddable":true,"href":"https:\/\/jugulajm.net\/index.php?rest_route=\/wp\/v2\/media\/77361"}],"wp:attachment":[{"href":"https:\/\/jugulajm.net\/index.php?rest_route=%2Fwp%2Fv2%2Fmedia&parent=77360"}],"wp:term":[{"taxonomy":"category","embeddable":true,"href":"https:\/\/jugulajm.net\/index.php?rest_route=%2Fwp%2Fv2%2Fcategories&post=77360"},{"taxonomy":"post_tag","embeddable":true,"href":"https:\/\/jugulajm.net\/index.php?rest_route=%2Fwp%2Fv2%2Ftags&post=77360"}],"curies":[{"name":"wp","href":"https:\/\/api.w.org\/{rel}","templated":true}]}}