{"id":77322,"date":"2024-08-02T16:38:51","date_gmt":"2024-08-02T14:38:51","guid":{"rendered":"https:\/\/jugulajm.net\/?p=77322"},"modified":"2024-08-02T16:39:49","modified_gmt":"2024-08-02T14:39:49","slug":"emri-emri-shpallet-ne-kerkim-ish-shefi-i-amp-se-zaptoi-siperfaqe-toke-e-ngriti-vilen-pa-leje","status":"publish","type":"post","link":"https:\/\/jugulajm.net\/?p=77322","title":{"rendered":"EMRI\/ Shpallet n\u00eb k\u00ebrkim ish-shefi i AMP-s\u00eb, zaptoi sip\u00ebrfaqe toke e ngriti vil\u00ebn pa leje"},"content":{"rendered":"<p>\u00cbsht\u00eb shpallur n\u00eb k\u00ebrkim ish-shefi i Agjencis\u00eb s\u00eb Mbik\u00ebqyrjes Policore s\u00eb Durr\u00ebsit, Kushtrim Selimi.<\/p>\n<p>Ai akuzohet t\u00eb ket\u00eb zaptuar nj\u00eb sip\u00ebrfaqe toke, pron\u00eb shtet\u00ebrore n\u00eb lagjen \u201cKallm\u201d t\u00eb Durr\u00ebsit, ku dhe ka nd\u00ebrtuar n\u00eb m\u00ebnyr\u00eb t\u00eb jasht\u00ebligjshme nj\u00eb vil\u00eb.<\/p>\n<p>Kushtrim Selimi \u00ebsht\u00eb ish-punonj\u00ebsi i AMP-s\u00eb i cili u p\u00ebrfshi n\u00eb skandalin e lajmeve t\u00eb rreme dhe gjovbv\u00ebnie p\u00ebrmes portalit t\u00eb tij. Ai u vet\u00ebdor\u00ebzua dhe iu caktua masa e siguris\u00eb \u201cdetyrim paraqitje\u201d.<\/p>\n<p>Si\u00e7 raportojn\u00eb burimet, ai ka mundur t\u00eb largohet nga Shqip\u00ebria pavar\u00ebsisht se ndaj tij kishte nj\u00eb mas\u00eb sigurie, e dyshohet t\u00eb ket\u00eb ikur drejt Britanis\u00eb s\u00eb Madhe.<\/p>\n<p>Ish-shefi i AMP-s\u00eb akuzohet p\u00ebr veprat penale \u201cShp\u00ebrdorim i detyr\u00ebs n\u00eb bashk\u00ebpunim\u201d, \u201cNd\u00ebrtimi i paligjsh\u00ebm\u201d dhe \u201cVjedhje e energjis\u00eb elektrike\u201d.<\/p>\n<p>Jan\u00eb l\u00ebshuar dhe 6 masa sigurie p\u00ebr persona t\u00eb tjer\u00eb t\u00eb cil\u00ebt akuzohen p\u00ebr shp\u00ebrdorim detyre, moskall\u00ebzim krimi.<\/p>\n<p><strong>Masat e siguris\u00eb dhe akuzat q\u00eb r\u00ebndojn\u00eb ndaj tyre si m\u00eb posht\u00eb:<\/strong><\/p>\n<ul>\n<li><em>Shtetasi E.V., i \u00ebsht\u00eb caktuar masa e siguris\u00eb \u201carrest n\u00eb burg\u201d p\u00ebr kryerjen e vepr\u00ebs penale \u201cVeprime q\u00eb pengojn\u00eb zbulimin e s\u00eb v\u00ebrtet\u00ebs\u201d. \u00cbsht\u00eb i shpallur n\u00eb k\u00ebrkim pasi nuk u gjet n\u00eb banes\u00eb.<\/em><\/li>\n<li><em>Shtetasja R.O., i \u00ebsht\u00eb caktuar masa e siguris\u00eb \u201cDetyrim p\u00ebr t\u2019u paraqitur n\u00eb Policin\u00eb Gjyq\u00ebsore\u201d, e dyshuar p\u00ebr kryerjen e vepr\u00ebs penale \u201cMoskall\u00ebzimi penal\u201d.<\/em><\/li>\n<li><em>Punonj\u00ebsi i Policis\u00eb, E.P., me detyr\u00eb Ndihm\u00ebs Specialist i Policimit n\u00eb Komunitet n\u00eb Durr\u00ebs, i \u00ebsht\u00eb caktuar masa e siguris\u00eb \u201cPezullim nga detyra\u201d, i dyshuar p\u00ebr vepr\u00ebn penale \u201cShp\u00ebrdorim i detyr\u00ebs, i kryer n\u00eb bashk\u00ebpunim\u201d<\/em><\/li>\n<li><em>Punonj\u00ebsi i Policis\u00eb, S.S., me detyr\u00eb Trup\u00eb Sh\u00ebrbimi i Trafikut Urban dhe Interurban n\u00eb Durr\u00ebs, i \u00ebsht\u00eb caktuar masa e siguris\u00eb \u201cPezullim nga detyra\u201d, i dyshuar p\u00ebr kryerjen e vepr\u00ebs penale \u201cShp\u00ebrdorim i detyr\u00ebs, i kryer n\u00eb bashk\u00ebpunim\u201d.<\/em><\/li>\n<li><em>Punonj\u00ebsi i Policis\u00eb, K.K., me detyr\u00eb Specialist i Rendit n\u00eb Forc\u00ebn e Posa\u00e7me Shqiponja n\u00eb Durr\u00ebs, i \u00ebsht\u00eb caktuar masa e siguris\u00eb \u201cPezullim nga detyra\u201d, i dyshuar p\u00ebr kryerjen e vepr\u00ebs penale \u201cShp\u00ebrdorim i detyr\u00ebs, i kryer n\u00eb bashk\u00ebpunim\u201d<\/em><\/li>\n<li><em>Punonj\u00ebsi i Policis\u00eb, A.J., me detyr\u00eb Ndihm\u00ebs Specialist i Policimit n\u00eb Komunitet n\u00eb Kavaj\u00eb, i \u00ebsht\u00eb caktuar masa e siguris\u00eb \u201cPezullim nga detyra\u201d, i dyshuar p\u00ebr vepr\u00ebn penale \u201cShp\u00ebrdorim i detyr\u00ebs, i kryer n\u00eb bashk\u00ebpunim\u201d<\/em><\/li>\n<\/ul>\n<p>Sipas njoftimit, k\u00ebta shtetas, i kan\u00eb siguruar Kushtrim Selimit mjetet e nevojshme p\u00ebr nd\u00ebrtimin e paligjsh\u00ebm t\u00eb vil\u00ebs n\u00eb tok\u00ebn e zaptuar prej k\u00ebtij t\u00eb fundit.<\/p>\n<p><strong>NJOFTIM<\/strong><\/p>\n<p>Drejtoria Rajonale e Agjencis\u00eb s\u00eb Mbik\u00ebqyrjes Policore Durr\u00ebs \u2013 Kavaj\u00eb ka zbatuar Urdh\u00ebrin e ekzekutimit t\u00eb vendimit t\u00eb Gjykat\u00ebs s\u00eb Shkall\u00ebs s\u00eb Par\u00eb t\u00eb Juridiksionit t\u00eb P\u00ebrgjithsh\u00ebm Durr\u00ebs, k\u00ebrkuar nga Prokuroria n\u00eb kuad\u00ebr t\u00eb procedimit penal t\u00eb vitit 2024 p\u00ebr masat e siguris\u00eb:<\/p>\n<p>Masa e sigurimit personal \u201cArrest me burg\u201d ndaj shtetasit Kushtrim Selimi, i dyshuar p\u00ebr kryerjen e vepr\u00ebs penale \u201cShp\u00ebrdorim i detyr\u00ebs n\u00eb bashk\u00ebpunim\u201d, \u201cNd\u00ebrtim i paligjsh\u00ebm\u201d, \u201cVjedhje e energjis\u00eb elektrike\u201d. Shtetasi \u00ebsht\u00eb shpallur n\u00eb k\u00ebrkim pasi nuk \u00ebsht\u00eb b\u00ebr\u00eb e mundur gjetja e tij.<\/p>\n<p>Masa e sigurimit personal \u201cArrest me burg\u201d ndaj shtetasit E.V., i dyshuar p\u00ebr kryerjen e vepr\u00ebs penale \u201cVeprime q\u00eb pengojn\u00eb zbulimin e t\u00eb v\u00ebrtet\u00ebs\u201d. Shtetasi \u00ebsht\u00eb shpallur n\u00eb k\u00ebrkim pasi gjat\u00eb kontrollit nuk \u00ebsht\u00eb gjendur n\u00eb banes\u00eb.<\/p>\n<p>Masa e sigurimit personal \u201cDetyrim p\u00ebr tu paraqitur n\u00eb Policin\u00eb Gjyq\u00ebsore\u201d ndaj shtetases R.O., e dyshuar p\u00ebr kryerjen e vepr\u00ebs penale \u201c Moskall\u00ebzim krimi\u201d.<\/p>\n<p>Masa e sigurimit personal \u201cPezullim nga detyra\u201d ndaj punonj\u00ebsit t\u00eb policis\u00eb E.P. me detyr\u00eb Ndihm\u00ebs Specialist i Policimit n\u00eb Komunitet pran\u00eb Komisariatit t\u00eb Policis\u00eb Durr\u00ebs, i dyshuar p\u00ebr kryerjen e vepr\u00ebs penale \u201cShp\u00ebrdorim t\u00eb detyr\u00ebs, i kryer n\u00eb bashk\u00ebpunim\u201d.<\/p>\n<p>Masa e sigurimit personal \u201cPezullim nga detyra\u201d ndaj punonj\u00ebsit t\u00eb policis\u00eb S.S. me detyr\u00eb Trup\u00eb Sh\u00ebrbimi i Trafikut Urban dhe Interurban n\u00eb DVP Durr\u00ebs, i dyshuar p\u00ebr kryerjen e vepr\u00ebs penale \u201cShp\u00ebrdorim t\u00eb detyr\u00ebs i kryer n\u00eb bashk\u00ebpunim\u201d.<\/p>\n<div><\/div>\n<p>Masa e sigurimit personal \u201cPezullim nga detyra\u201d ndaj punonj\u00ebsit t\u00eb policis\u00eb K.K. me detyr\u00eb Specialist i Rendit n\u00eb Forc\u00ebn e Posa\u00e7me Shqiponja n\u00eb DVP Durr\u00ebs, i dyshuar p\u00ebr kryerjen e vepr\u00ebs penale \u201cShp\u00ebrdorim t\u00eb detyr\u00ebs i kryer n\u00eb bashk\u00ebpunim\u201d.<\/p>\n<p>Masa e sigurimit personal \u201cPezullim nga detyra\u201d ndaj punonj\u00ebsit t\u00eb policis\u00eb A.J. me detyr\u00eb Ndihm\u00ebs Specialist i Policimit n\u00eb Komunitet pran\u00eb Kommisariatit t\u00eb Policis\u00eb Kavaj\u00eb, i dyshuar p\u00ebr kryerjen e vepr\u00ebs penale \u201cShp\u00ebrdorim t\u00eb detyr\u00ebs i kryer n\u00eb bashk\u00ebpunim\u201d.<\/p>\n<p>Nga hetimet e kryera u siguruan prova se shtetasi K.S., gjat\u00eb koh\u00ebs q\u00eb ka ushtruar detyr\u00ebn si Shef sektori pran\u00eb AMP Durr\u00ebs, duke shfryt\u00ebzuar atributet e pozicionit, ka zaptuar nj\u00eb sip\u00ebrfaqe trualli, pron\u00eb shtet\u00ebrore n\u00eb lagjen \u201cKallm\u201d t\u00eb Durr\u00ebsit, ku dhe ka nd\u00ebrtuar n\u00eb m\u00ebnyr\u00eb t\u00eb jasht\u00ebligjshme nj\u00eb vil\u00eb.<\/p>\n<p>Punonj\u00ebsit e policis\u00eb, tashm\u00eb n\u00ebn masa sigurie, n\u00eb dijeni t\u00eb veprimeve t\u00eb kundraligjshm\u00eb kan\u00eb siguruar mjetet e nevojshme p\u00ebr nd\u00ebrtim.<\/p>\n","protected":false},"excerpt":{"rendered":"<p>\u00cbsht\u00eb shpallur n\u00eb k\u00ebrkim ish-shefi i Agjencis\u00eb s\u00eb Mbik\u00ebqyrjes Policore s\u00eb Durr\u00ebsit, Kushtrim Selimi. Ai akuzohet t\u00eb ket\u00eb zaptuar nj\u00eb sip\u00ebrfaqe toke, pron\u00eb shtet\u00ebrore n\u00eb lagjen \u201cKallm\u201d t\u00eb Durr\u00ebsit, ku dhe ka nd\u00ebrtuar n\u00eb m\u00ebnyr\u00eb t\u00eb jasht\u00ebligjshme nj\u00eb vil\u00eb. Kushtrim Selimi \u00ebsht\u00eb ish-punonj\u00ebsi i AMP-s\u00eb i cili u p\u00ebrfshi n\u00eb skandalin e lajmeve t\u00eb rreme [&hellip;]<\/p>\n","protected":false},"author":5,"featured_media":51977,"comment_status":"closed","ping_status":"closed","sticky":false,"template":"","format":"standard","meta":{"footnotes":""},"categories":[1,6332,29228],"tags":[32405,32404],"class_list":{"0":"post-77322","1":"post","2":"type-post","3":"status-publish","4":"format-standard","5":"has-post-thumbnail","7":"category-aktualitet","8":"category-te-fundit","9":"category-vendi","10":"tag-emri-shpallet-ne-kerkim-ish-shefi-i-amp-se","11":"tag-zaptoi-siperfaqe-toke-e-ngriti-vilen-pa-leje"},"_links":{"self":[{"href":"https:\/\/jugulajm.net\/index.php?rest_route=\/wp\/v2\/posts\/77322","targetHints":{"allow":["GET"]}}],"collection":[{"href":"https:\/\/jugulajm.net\/index.php?rest_route=\/wp\/v2\/posts"}],"about":[{"href":"https:\/\/jugulajm.net\/index.php?rest_route=\/wp\/v2\/types\/post"}],"author":[{"embeddable":true,"href":"https:\/\/jugulajm.net\/index.php?rest_route=\/wp\/v2\/users\/5"}],"replies":[{"embeddable":true,"href":"https:\/\/jugulajm.net\/index.php?rest_route=%2Fwp%2Fv2%2Fcomments&post=77322"}],"version-history":[{"count":0,"href":"https:\/\/jugulajm.net\/index.php?rest_route=\/wp\/v2\/posts\/77322\/revisions"}],"wp:featuredmedia":[{"embeddable":true,"href":"https:\/\/jugulajm.net\/index.php?rest_route=\/wp\/v2\/media\/51977"}],"wp:attachment":[{"href":"https:\/\/jugulajm.net\/index.php?rest_route=%2Fwp%2Fv2%2Fmedia&parent=77322"}],"wp:term":[{"taxonomy":"category","embeddable":true,"href":"https:\/\/jugulajm.net\/index.php?rest_route=%2Fwp%2Fv2%2Fcategories&post=77322"},{"taxonomy":"post_tag","embeddable":true,"href":"https:\/\/jugulajm.net\/index.php?rest_route=%2Fwp%2Fv2%2Ftags&post=77322"}],"curies":[{"name":"wp","href":"https:\/\/api.w.org\/{rel}","templated":true}]}}