{"id":77315,"date":"2024-08-02T12:51:03","date_gmt":"2024-08-02T10:51:03","guid":{"rendered":"https:\/\/jugulajm.net\/?p=77315"},"modified":"2024-08-02T12:51:03","modified_gmt":"2024-08-02T10:51:03","slug":"spak-gati-thirrjen-e-kryeministrit-edi-rama","status":"publish","type":"post","link":"https:\/\/jugulajm.net\/?p=77315","title":{"rendered":"SPAK gati thirrjen e kryeministrit Edi Rama"},"content":{"rendered":"<p>Radh\u00ebn shum\u00eb shpejt p\u00ebr t\u00eb dh\u00ebn\u00eb llogarin\u00eb n\u00eb Prokurorin\u00eb e Posacme ta k\u00ebt\u00eb vet\u00eb Edi Rama, pasi hetimet e SPAK p\u00ebr disa dosje t\u00eb r\u00ebnd\u00ebsishme t\u00eb aferave qeveritare po shkon drejt fundit.<\/p>\n<p>Ky lajm u parapri nga vet\u00eb kreu i mbledhjes s\u00eb Kongresit t\u00eb fundit t\u00eb PS. Rama u shpreh se nuk \u00ebsht\u00eb tabu q\u00eb t\u00eb shkosh n\u00eb SPAK dhe t\u00eb gjith\u00eb duhet t\u00eb m\u00ebsohen me k\u00ebt\u00eb gj\u00eb.<\/p>\n<p>\u201cKush ka k\u00ebt\u00eb llogari p\u00ebr korrupsionin, e ka adres\u00ebn e SPAK. Je minist\u00ebr, s\u2019je minist\u00ebr, je andej s\u2019je k\u00ebtej, ke qen\u00eb s\u2019ke qen\u00eb, i ke futur duart n\u00ebp\u00ebr xhepat e popullit do shkosh t\u00eb ket\u00eb llogari p\u00ebr xhepat. Kush nuk ka miz\u00eb n\u00ebn ul\u00eb dhe e th\u00ebrrasin at\u00eb adres\u00eb p\u00ebr t\u00eb dh\u00ebn\u00eb vendimin, t\u00eb shkoj\u00eb, t\u00eb ket\u00eb komente e t\u00eb tjera n\u00eb t\u00eb. Duhet t\u00eb m\u00ebsohemi dhe me k\u00ebt\u00eb. Do m\u00ebsohen dhe ata q\u00eb rrin\u00eb atje me kamera sikur po miss-et e po parakalojn\u00eb e b\u00ebjn\u00eb q\u00eb kjo \u00ebsht\u00eb pjes\u00eb e sistemit\u201d, u shpreh Rama pak dit\u00eb m\u00eb par\u00eb.<\/p>\n<p>Kryeministri i ka vet\u00eb llogarit\u00eb e hapura me drejt\u00ebsin\u00eb dhe \u00e7\u00ebshtjet q\u00eb mund t\u00eb tronditin pozitat e tij jan\u00eb ato t\u00eb incenerator\u00ebve dhe \u201cMcGonigal\u201d, por jo vet\u00ebm.<\/p>\n<p>Bashk\u00ebpun\u00ebtori m\u00eb i ngusht\u00eb i tij Arben Ahmetaj nxori t\u00eb dh\u00ebna bombastike n\u00eb intervist\u00ebn e fundit. Ai ka treguar se familja kryeministrore \u00ebsht\u00eb p\u00ebrgjuar ambientalisht dhe ka regjistrime aferash korruptive t\u00eb njer\u00ebzve familjare t\u00eb kryeministrit.<\/p>\n<p>Sipas tij, p\u00ebrgjimi ka shkuar n\u00eb SPAK dhe madje kan\u00eb tentuar ta zhdukin, por \u00ebsht\u00eb ruajtur nj\u00eb kopje e tij.<\/p>\n<p>Rama i zhytur te incenerator\u00ebt<\/p>\n<p>Rama \u00ebsht\u00eb kok\u00eb e k\u00ebmb\u00eb i zhytur dhe kryesor n\u00eb afer\u00ebn e inceneratorit. Madje mund t\u00eb ket\u00eb dhe shkesa q\u00eb v\u00ebrtetojn\u00eb m\u00eb hapur se Berisha tek Kompleksi Partizani implikimin e tij. Burime b\u00ebjn\u00eb me dije se dit\u00ebt n\u00eb vijim Rama do t\u00eb thirret n\u00eb SPAK, nj\u00ebsoj si\u00e7 shkoi s\u00eb fundmi kryebashkiaku Erion Veliaj, zv\/kryeministrja Belinda Balluku dhe krahu i djatht\u00eb i kryeministrit, Engj\u00ebll Aga\u00e7i. Dy dit\u00eb m\u00eb par\u00eb implikimin e Ram\u00ebs n\u00eb afer\u00ebn e incenerator\u00ebve e vulosi dhe Ahmetaj. Ai madje sulmoi dhe kreun e SPAK, Altin Dumanin se nuk po e heton kryeminstrin. \u201c\u00c7far\u00eb ka ndodhur n\u00eb ver\u00ebn e 2017 q\u00eb n\u00eb 31 gusht u firmos Tirana? Un\u00eb e kam kund\u00ebrshtuar Tiran\u00ebn. \u00c7far\u00eb ka ndodhur me aktor\u00ebt. A mund ta pyesni k\u00ebt\u00eb kryeministrin e drejt\u00ebsis\u00eb s\u00eb re, pyeteni t\u00eb ju kthej\u00eb p\u00ebrgjigje. Zero me Elbasanin,\u201d tha ai nd\u00ebr t\u00eb tjera.<\/p>\n<p>\u201cMcGonigal\u201d<\/p>\n<p>Nga ana tjet\u00ebr, Rama do t\u00eb thirret n\u00eb SPAK p\u00ebr t\u00eb th\u00ebn\u00eb llogari edhe p\u00ebr afer\u00ebn \u201cMcGonigal\u201d. K\u00ebt\u00eb her\u00eb asnj\u00eb zyrtar socialist nuk mund t\u00eb b\u00ebhet \u201ckurban\u201d, pasi kjo dosje mban emrin e Edi Ram\u00ebs. Hetimet e Prokuroris\u00eb s\u00eb Posa\u00e7me po thellohen. Madje Lulzim Basha zbuloi pak koh\u00eb m\u00eb par\u00eb se ka \u00e7uar dosjen e plot\u00eb q\u00eb kan\u00eb p\u00ebrgatitur amerikan\u00ebt p\u00ebr kryeministrin shqiptar me t\u00eb gjitha provat p\u00ebrv\u00ebluese. N\u00eb dosje jan\u00eb deklarimet e ish-agjentit t\u00eb FBI, ku dalin n\u00eb pah pazaret e pista nga vizitat n\u00eb Tiran\u00eb, takimet dhe bisedat e fshehta me zyrtar\u00ebt shqiptar\u00eb, p\u00ebrfshir\u00eb Edi Ram\u00ebn dhe deri te d\u00ebmi i madh prej miliona dollar\u00ebsh q\u00eb i \u00ebsht\u00eb shkaktuar shtetit shqiptar. M\u00ebsohet se n\u00eb dosjen amerikane jan\u00eb me emra se p\u00ebr cilin nga sh\u00ebrbimet e tij n\u00eb Shqip\u00ebri u pagua me dollar\u00ebt q\u00eb i dha Agron Neza. Deri tani ai ka pretenduar se parat\u00eb, thjesht i mori borxh, por SHBA ia ka nxjerr\u00eb t\u00eb gjitha q\u00eb n\u00eb arriti n\u00eb fund t\u2019i zbuste d\u00ebnimin duke i hequr t\u00eb gjitha pikat e tjera t\u00eb r\u00ebnda q\u00eb mund ta d\u00ebnonin me vite.<\/p>\n<p>N\u00eb k\u00ebto mes dalin dhe bizneset ruse, madje dhe gjobat p\u00ebr oligark\u00ebt. Tashm\u00eb hetimet e SPAK-ut do t\u00eb zgjerohen edhe m\u00eb shum\u00eb dhe nuk do t\u00eb mjaftohen vet\u00ebm p\u00ebr faktin e 225 mij\u00eb dollar\u00ebve. Skandali \u00ebsht\u00eb edhe m\u00eb i gjer\u00eb dhe kjo provokon korrupsionin n\u00eb nivelet e larta n\u00eb Shqip\u00ebri.<\/p>\n<p>D\u00ebmi i shtetit shqiptar q\u00eb po hetohet nga SPAK nuk \u00ebsht\u00eb n\u00eb k\u00ebt\u00eb nivel, por shum\u00eb her\u00eb m\u00eb lart. N\u00eb loj\u00eb jan\u00eb miliona dollar\u00eb q\u00eb jan\u00eb disa shtete shqiptare. Po ashtu pjes\u00eb e dosjeve jan\u00eb dhe ngrihet p\u00ebr licenc\u00ebn e Ram\u00ebs. McGonigal ka pranuar n\u00eb takimin e kryeministrit t\u00eb Shqip\u00ebris\u00eb Edi Rama, ku ishte i pranish\u00ebm, Agron Neza dhe Dorian Du\u00e7ka u fol p\u00ebr licenc\u00ebn e kompanive t\u00eb tyre. Kujtojm\u00eb se k\u00ebta dy t\u00eb fundit jan\u00eb thirrur nga SPAK dhe her\u00ebt e fundit e ka Edi Rama. P\u00ebr t\u00eb treguar se kjo dosje do t\u00eb trondit\u00eb pozicionin e kryeministrit. Ahmetaj zbuloi se ka video n\u00eb Dubai t\u00eb McGonigal me shqiptar\u00ebt n\u00eb nj\u00eb fabrik\u00eb.<\/p>\n<p>\u201cEcoParkun e ka firmosur vet\u00eb n\u00eb m\u00ebnyr\u00eb t\u00eb drejtp\u00ebrdrejt\u00eb dhe e ka marr\u00eb nj\u00eb kompani incenerator\u00ebsh. Nd\u00ebrkoh\u00eb q\u00eb nj\u00eb person nga familja ka qen\u00eb i pun\u00ebsuar nga personat e incenerator\u00ebve p\u00ebr t\u00eb b\u00ebr\u00eb arkitektur\u00eb, p\u00ebr t\u00eb b\u00ebr\u00eb projektin, p\u00ebrpara se projekti t\u00eb dilte n\u00eb tender. \u00cbsht\u00eb ky fakt apo jo. Un\u00eb nuk jam gjarpri q\u00eb pickon n\u00eb gji, gjarpri \u00ebsht\u00eb ai, q\u00eb nxjerr n\u00eb prit\u00eb. Un\u00eb e kam defektin n\u00eb t\u00eb qenit i drejtp\u00ebrdrejt\u00eb. Kam dhe defekte t\u00eb tjera un\u00eb, q\u00eb nuk e mbaj dot nganj\u00ebher\u00eb q\u00eb duhet mbajtur. Po t\u00eb kam besuar dhe me naivitet kam punuar 24 or\u00eb. E kam b\u00ebr\u00eb p\u00ebr Shqip\u00ebrin\u00eb. McGonigal se po lexoja dosjen. E dini q\u00eb n\u00eb Dubai ka video t\u00eb McGonigal me pushtetare shqiptar\u00eb?\u201d, tha ish-zv\/kryeministri Arben Ahmetaj.<\/p>\n","protected":false},"excerpt":{"rendered":"<p>Radh\u00ebn shum\u00eb shpejt p\u00ebr t\u00eb dh\u00ebn\u00eb llogarin\u00eb n\u00eb Prokurorin\u00eb e Posacme ta k\u00ebt\u00eb vet\u00eb Edi Rama, pasi hetimet e SPAK p\u00ebr disa dosje t\u00eb r\u00ebnd\u00ebsishme t\u00eb aferave qeveritare po shkon drejt fundit. Ky lajm u parapri nga vet\u00eb kreu i mbledhjes s\u00eb Kongresit t\u00eb fundit t\u00eb PS. Rama u shpreh se nuk \u00ebsht\u00eb tabu q\u00eb [&hellip;]<\/p>\n","protected":false},"author":5,"featured_media":77316,"comment_status":"closed","ping_status":"closed","sticky":false,"template":"","format":"standard","meta":{"footnotes":""},"categories":[1,6326,6332],"tags":[32399],"class_list":{"0":"post-77315","1":"post","2":"type-post","3":"status-publish","4":"format-standard","5":"has-post-thumbnail","7":"category-aktualitet","8":"category-politike","9":"category-te-fundit","10":"tag-spak-gati-thirrjen-e-kryeministrit-edi-rama"},"_links":{"self":[{"href":"https:\/\/jugulajm.net\/index.php?rest_route=\/wp\/v2\/posts\/77315","targetHints":{"allow":["GET"]}}],"collection":[{"href":"https:\/\/jugulajm.net\/index.php?rest_route=\/wp\/v2\/posts"}],"about":[{"href":"https:\/\/jugulajm.net\/index.php?rest_route=\/wp\/v2\/types\/post"}],"author":[{"embeddable":true,"href":"https:\/\/jugulajm.net\/index.php?rest_route=\/wp\/v2\/users\/5"}],"replies":[{"embeddable":true,"href":"https:\/\/jugulajm.net\/index.php?rest_route=%2Fwp%2Fv2%2Fcomments&post=77315"}],"version-history":[{"count":0,"href":"https:\/\/jugulajm.net\/index.php?rest_route=\/wp\/v2\/posts\/77315\/revisions"}],"wp:featuredmedia":[{"embeddable":true,"href":"https:\/\/jugulajm.net\/index.php?rest_route=\/wp\/v2\/media\/77316"}],"wp:attachment":[{"href":"https:\/\/jugulajm.net\/index.php?rest_route=%2Fwp%2Fv2%2Fmedia&parent=77315"}],"wp:term":[{"taxonomy":"category","embeddable":true,"href":"https:\/\/jugulajm.net\/index.php?rest_route=%2Fwp%2Fv2%2Fcategories&post=77315"},{"taxonomy":"post_tag","embeddable":true,"href":"https:\/\/jugulajm.net\/index.php?rest_route=%2Fwp%2Fv2%2Ftags&post=77315"}],"curies":[{"name":"wp","href":"https:\/\/api.w.org\/{rel}","templated":true}]}}