{"id":77308,"date":"2024-08-02T10:31:13","date_gmt":"2024-08-02T08:31:13","guid":{"rendered":"https:\/\/jugulajm.net\/?p=77308"},"modified":"2024-08-02T10:31:13","modified_gmt":"2024-08-02T08:31:13","slug":"emrat-arrestohen-3-persona-moren-peng-22-vjecarin-dhe-e-dhunuar-sepse","status":"publish","type":"post","link":"https:\/\/jugulajm.net\/?p=77308","title":{"rendered":"EMRAT\/ Arrestohen 3 persona, mor\u00ebn peng 22-vje\u00e7arin dhe e dhunuar sepse&#8230;"},"content":{"rendered":"<p>Nj\u00eb 22-vje\u00e7ar \u00ebsht\u00eb marr\u00eb me forc\u00eb n\u00eb makin\u00eb nga tre persona, t\u00eb cil\u00ebt e kan\u00eb \u00e7uar n\u00eb fshatin Sh\u00ebngjergj n\u00eb Tiran\u00eb dhe e kan\u00eb.<\/p>\n<p>Policia b\u00ebri t\u00eb mundur arrestimin e autor\u00ebve Arjan dhe Agim \u00c7ullhaj dhe Erind Kullolli, t\u00eb cil\u00ebt akuzohen p\u00ebr vepr\u00ebn penale &#8220;Heqja e paligjshme e liris\u00eb&#8221; kryer n\u00eb bashk\u00ebpunim.<\/p>\n<p>Sipas informacioneve 41-vje\u00e7ari ishte babai i ish-t\u00eb dashur\u00ebs s\u00eb t\u00eb riut q\u00eb mor\u00ebn peng.<\/p>\n<p class=\"p1\"><span class=\"s1\"><b>Njoftimi i policis\u00eb:<\/b><\/span><\/p>\n<p class=\"p1\"><span class=\"s1\"><i>Specialist\u00ebt p\u00ebr Hetimin e Krimeve t\u00eb Komisariatit t\u00eb Policis\u00eb Nr. 1 arrestuan shtetasit A. \u00c7., 41 vje\u00e7, A. \u00c7., 38 vje\u00e7, dhe E. K., 27 vje\u00e7, t\u00eb tre banues n\u00eb Tiran\u00eb, p\u00ebr vepr\u00ebn penale \u201cHeqja e paligjshme e liris\u00eb\u201d kryer n\u00eb bashk\u00ebpunim, parashikuar nga neni 110\/25, i Kodit Penal. K\u00ebta shtetas, n\u00eb bashk\u00ebpunim me nj\u00ebri-tjetrin, kan\u00eb marr\u00eb forc\u00ebrisht n\u00eb automjet, nj\u00eb 22-vje\u00e7ar, dhe kan\u00eb ushtruar dhun\u00eb ndaj tij, p\u00ebr motive t\u00eb dob\u00ebta.<\/i><\/span><\/p>\n","protected":false},"excerpt":{"rendered":"<p>Nj\u00eb 22-vje\u00e7ar \u00ebsht\u00eb marr\u00eb me forc\u00eb n\u00eb makin\u00eb nga tre persona, t\u00eb cil\u00ebt e kan\u00eb \u00e7uar n\u00eb fshatin Sh\u00ebngjergj n\u00eb Tiran\u00eb dhe e kan\u00eb. Policia b\u00ebri t\u00eb mundur arrestimin e autor\u00ebve Arjan dhe Agim \u00c7ullhaj dhe Erind Kullolli, t\u00eb cil\u00ebt akuzohen p\u00ebr vepr\u00ebn penale &#8220;Heqja e paligjshme e liris\u00eb&#8221; kryer n\u00eb bashk\u00ebpunim. Sipas informacioneve 41-vje\u00e7ari [&hellip;]<\/p>\n","protected":false},"author":5,"featured_media":56323,"comment_status":"closed","ping_status":"closed","sticky":false,"template":"","format":"standard","meta":{"footnotes":""},"categories":[1,6332,29228],"tags":[27149,32397],"class_list":{"0":"post-77308","1":"post","2":"type-post","3":"status-publish","4":"format-standard","5":"has-post-thumbnail","7":"category-aktualitet","8":"category-te-fundit","9":"category-vendi","10":"tag-emrat-arrestohen-3-persona","11":"tag-moren-peng-22-vjecarin-dhe-e-dhunuar-sepse"},"_links":{"self":[{"href":"https:\/\/jugulajm.net\/index.php?rest_route=\/wp\/v2\/posts\/77308","targetHints":{"allow":["GET"]}}],"collection":[{"href":"https:\/\/jugulajm.net\/index.php?rest_route=\/wp\/v2\/posts"}],"about":[{"href":"https:\/\/jugulajm.net\/index.php?rest_route=\/wp\/v2\/types\/post"}],"author":[{"embeddable":true,"href":"https:\/\/jugulajm.net\/index.php?rest_route=\/wp\/v2\/users\/5"}],"replies":[{"embeddable":true,"href":"https:\/\/jugulajm.net\/index.php?rest_route=%2Fwp%2Fv2%2Fcomments&post=77308"}],"version-history":[{"count":0,"href":"https:\/\/jugulajm.net\/index.php?rest_route=\/wp\/v2\/posts\/77308\/revisions"}],"wp:featuredmedia":[{"embeddable":true,"href":"https:\/\/jugulajm.net\/index.php?rest_route=\/wp\/v2\/media\/56323"}],"wp:attachment":[{"href":"https:\/\/jugulajm.net\/index.php?rest_route=%2Fwp%2Fv2%2Fmedia&parent=77308"}],"wp:term":[{"taxonomy":"category","embeddable":true,"href":"https:\/\/jugulajm.net\/index.php?rest_route=%2Fwp%2Fv2%2Fcategories&post=77308"},{"taxonomy":"post_tag","embeddable":true,"href":"https:\/\/jugulajm.net\/index.php?rest_route=%2Fwp%2Fv2%2Ftags&post=77308"}],"curies":[{"name":"wp","href":"https:\/\/api.w.org\/{rel}","templated":true}]}}