{"id":77292,"date":"2024-08-01T18:51:12","date_gmt":"2024-08-01T16:51:12","guid":{"rendered":"https:\/\/jugulajm.net\/?p=77292"},"modified":"2024-08-01T18:51:12","modified_gmt":"2024-08-01T16:51:12","slug":"emrat-greqi-aksidentohet-familja-shqiptare-1-viktime-dhe-2-te-plagosur","status":"publish","type":"post","link":"https:\/\/jugulajm.net\/?p=77292","title":{"rendered":"EMRAT\/ Greqi, aksidentohet familja shqiptare, 1 viktim\u00eb dhe 2 t\u00eb plagosur"},"content":{"rendered":"<p>Nj\u00eb aksident r\u00ebnd\u00eb automobilistik \u00ebsht\u00eb regjistruar n\u00eb rrug\u00ebn Ioniane n\u00eb zon\u00ebn Agrinio, Greqi, ku \u00ebsht\u00eb p\u00ebrfshir\u00eb nj\u00eb familje shqiptare me banim n\u00eb Athin\u00eb prej shum\u00eb vitesh.<\/p>\n<p>Si pasoj\u00eb e aksidentit m\u00ebsohet se ka humbur jet\u00ebn nj\u00eb person. B\u00ebhet fjal\u00eb p\u00ebr shqiptaren Ana Prifka.<\/p>\n<p><img decoding=\"async\" src=\"https:\/\/media.pamfleti.net\/pamfleti.net\/media3\/-900-0-1722529994xaksident2-482.jpg\" alt=\"Aksidentohet familja shqiptare n\u00eb Greqi; 1 i vdekur dhe 2 t\u00eb plagosur!\" width=\"100%\" data-size=\"x\" data-id=\"705557\" \/><\/p>\n<p>Nd\u00ebrkoh\u00eb q\u00eb n\u00eb spital, jasht\u00eb rrezikut p\u00ebr jet\u00ebn jan\u00eb vajza e saj 22 vje\u00e7are, Karolina Prifka dhe bashk\u00ebshorti q\u00eb ishte dhe shofer, Vasil Prifka.<\/p>\n<p>N\u00eb vendin e ngjarjes m\u00ebsohet se kan\u00eb mb\u00ebrritur autoritet t\u00eb cilat po punojn\u00eb p\u00ebr zbardhjen e plot\u00eb t\u00eb shkaqeve t\u00eb aksidentit tragjik.<\/p>\n<p><img decoding=\"async\" src=\"https:\/\/media.pamfleti.net\/pamfleti.net\/media3\/-900-0-1722529993xaksident3-657.jpg\" alt=\"Aksidentohet familja shqiptare n\u00eb Greqi; 1 i vdekur dhe 2 t\u00eb plagosur!\" width=\"100%\" data-size=\"x\" data-id=\"705556\" \/><\/p>\n","protected":false},"excerpt":{"rendered":"<p>Nj\u00eb aksident r\u00ebnd\u00eb automobilistik \u00ebsht\u00eb regjistruar n\u00eb rrug\u00ebn Ioniane n\u00eb zon\u00ebn Agrinio, Greqi, ku \u00ebsht\u00eb p\u00ebrfshir\u00eb nj\u00eb familje shqiptare me banim n\u00eb Athin\u00eb prej shum\u00eb vitesh. Si pasoj\u00eb e aksidentit m\u00ebsohet se ka humbur jet\u00ebn nj\u00eb person. B\u00ebhet fjal\u00eb p\u00ebr shqiptaren Ana Prifka. Nd\u00ebrkoh\u00eb q\u00eb n\u00eb spital, jasht\u00eb rrezikut p\u00ebr jet\u00ebn jan\u00eb vajza e saj [&hellip;]<\/p>\n","protected":false},"author":5,"featured_media":77293,"comment_status":"closed","ping_status":"closed","sticky":false,"template":"","format":"standard","meta":{"footnotes":""},"categories":[1,6332],"tags":[32390,32389,24954],"class_list":{"0":"post-77292","1":"post","2":"type-post","3":"status-publish","4":"format-standard","5":"has-post-thumbnail","7":"category-aktualitet","8":"category-te-fundit","9":"tag-1-viktime-dhe-2-te-plagosur","10":"tag-aksidentohet-familja-shqiptare","11":"tag-emrat-greqi"},"_links":{"self":[{"href":"https:\/\/jugulajm.net\/index.php?rest_route=\/wp\/v2\/posts\/77292","targetHints":{"allow":["GET"]}}],"collection":[{"href":"https:\/\/jugulajm.net\/index.php?rest_route=\/wp\/v2\/posts"}],"about":[{"href":"https:\/\/jugulajm.net\/index.php?rest_route=\/wp\/v2\/types\/post"}],"author":[{"embeddable":true,"href":"https:\/\/jugulajm.net\/index.php?rest_route=\/wp\/v2\/users\/5"}],"replies":[{"embeddable":true,"href":"https:\/\/jugulajm.net\/index.php?rest_route=%2Fwp%2Fv2%2Fcomments&post=77292"}],"version-history":[{"count":0,"href":"https:\/\/jugulajm.net\/index.php?rest_route=\/wp\/v2\/posts\/77292\/revisions"}],"wp:featuredmedia":[{"embeddable":true,"href":"https:\/\/jugulajm.net\/index.php?rest_route=\/wp\/v2\/media\/77293"}],"wp:attachment":[{"href":"https:\/\/jugulajm.net\/index.php?rest_route=%2Fwp%2Fv2%2Fmedia&parent=77292"}],"wp:term":[{"taxonomy":"category","embeddable":true,"href":"https:\/\/jugulajm.net\/index.php?rest_route=%2Fwp%2Fv2%2Fcategories&post=77292"},{"taxonomy":"post_tag","embeddable":true,"href":"https:\/\/jugulajm.net\/index.php?rest_route=%2Fwp%2Fv2%2Ftags&post=77292"}],"curies":[{"name":"wp","href":"https:\/\/api.w.org\/{rel}","templated":true}]}}