{"id":77279,"date":"2024-08-01T12:09:31","date_gmt":"2024-08-01T10:09:31","guid":{"rendered":"https:\/\/jugulajm.net\/?p=77279"},"modified":"2024-08-01T12:11:28","modified_gmt":"2024-08-01T10:11:28","slug":"procedohen-59-vjecari-dhe-63-vjecari-akuzohen-per-zjarrvenie-ne-salari-dhe-bence","status":"publish","type":"post","link":"https:\/\/jugulajm.net\/?p=77279","title":{"rendered":"Procedohen 59 vje\u00e7ari dhe 63 vje\u00e7ari, akuzohen p\u00ebr zjarrv\u00ebnie n\u00eb Salari dhe B\u00ebn\u00e7\u00eb"},"content":{"rendered":"<p>N\u00eb vijim t\u00eb pun\u00ebs hetimore p\u00ebr identifikimin dhe kapjen e autor\u00ebve t\u00eb zjarrv\u00ebnieve, si rezultat i veprimeve hetimore t\u00eb kryera nga Komisariati i Policis\u00eb Tepelen\u00eb, u b\u00eb zbardhja e dy rasteve t\u00eb zjarrv\u00ebnieve n\u00eb fshatrat Salari dhe Luzat.<\/p>\n<p>P\u00ebr k\u00ebto raste, u referuan materialet n\u00eb Prokurori dhe nisi procedimi penal p\u00ebr shtetasit G. Zh., 59 vje\u00e7, banues fshatin Salari dhe V. G., 63 vje\u00e7, banues n\u00eb Tepelen\u00eb.<\/p>\n<p>-Shtetasi G. Zh. dyshohet se ka ndezur zjarr n\u00eb vendin e quajtur &#8220;Golash&#8221;, Salari, me q\u00ebllim pastrimin e tok\u00ebs s\u00eb marr\u00eb me qira, dhe si pasoj\u00eb e p\u00ebrhapjes s\u00eb flak\u00ebve \u00ebsht\u00eb djegur nj\u00eb sip\u00ebrfaqe toke me bim\u00ebsi t\u00eb ndryshme.<\/p>\n<p>-Shtetasi V. G. dyshohet se n\u00eb vendin e quajtur &#8220;Pall\u00e7ija&#8221;, n\u00eb fshatin B\u00ebn\u00e7\u00eb, ka ndezur zjarr me q\u00ebllim pastrimin e kullot\u00ebs, dhe si pasoj\u00eb e p\u00ebrhapjes s\u00eb flak\u00ebve \u00ebsht\u00eb djegur nj\u00eb sip\u00ebrfaqe toke me bim\u00ebsi t\u00eb ndryshme, n\u00eb fshatin Luzat. Materialet procedurale i kaluan Prokuroris\u00eb, p\u00ebr vepr\u00ebn penale \u201cShkat\u00ebrrimi me zjarr i pyjeve dhe i mjedisit pyjor\u201d.<\/p>\n","protected":false},"excerpt":{"rendered":"<p>N\u00eb vijim t\u00eb pun\u00ebs hetimore p\u00ebr identifikimin dhe kapjen e autor\u00ebve t\u00eb zjarrv\u00ebnieve, si rezultat i veprimeve hetimore t\u00eb kryera nga Komisariati i Policis\u00eb Tepelen\u00eb, u b\u00eb zbardhja e dy rasteve t\u00eb zjarrv\u00ebnieve n\u00eb fshatrat Salari dhe Luzat. P\u00ebr k\u00ebto raste, u referuan materialet n\u00eb Prokurori dhe nisi procedimi penal p\u00ebr shtetasit G. Zh., 59 [&hellip;]<\/p>\n","protected":false},"author":5,"featured_media":52023,"comment_status":"closed","ping_status":"closed","sticky":false,"template":"","format":"standard","meta":{"footnotes":""},"categories":[1,6332,29228],"tags":[32381,32380],"class_list":{"0":"post-77279","1":"post","2":"type-post","3":"status-publish","4":"format-standard","5":"has-post-thumbnail","7":"category-aktualitet","8":"category-te-fundit","9":"category-vendi","10":"tag-akuzohen-per-zjarrvenie-ne-salari-dhe-bence","11":"tag-procedohen-59-vjecari-dhe-63-vjecari"},"_links":{"self":[{"href":"https:\/\/jugulajm.net\/index.php?rest_route=\/wp\/v2\/posts\/77279","targetHints":{"allow":["GET"]}}],"collection":[{"href":"https:\/\/jugulajm.net\/index.php?rest_route=\/wp\/v2\/posts"}],"about":[{"href":"https:\/\/jugulajm.net\/index.php?rest_route=\/wp\/v2\/types\/post"}],"author":[{"embeddable":true,"href":"https:\/\/jugulajm.net\/index.php?rest_route=\/wp\/v2\/users\/5"}],"replies":[{"embeddable":true,"href":"https:\/\/jugulajm.net\/index.php?rest_route=%2Fwp%2Fv2%2Fcomments&post=77279"}],"version-history":[{"count":0,"href":"https:\/\/jugulajm.net\/index.php?rest_route=\/wp\/v2\/posts\/77279\/revisions"}],"wp:featuredmedia":[{"embeddable":true,"href":"https:\/\/jugulajm.net\/index.php?rest_route=\/wp\/v2\/media\/52023"}],"wp:attachment":[{"href":"https:\/\/jugulajm.net\/index.php?rest_route=%2Fwp%2Fv2%2Fmedia&parent=77279"}],"wp:term":[{"taxonomy":"category","embeddable":true,"href":"https:\/\/jugulajm.net\/index.php?rest_route=%2Fwp%2Fv2%2Fcategories&post=77279"},{"taxonomy":"post_tag","embeddable":true,"href":"https:\/\/jugulajm.net\/index.php?rest_route=%2Fwp%2Fv2%2Ftags&post=77279"}],"curies":[{"name":"wp","href":"https:\/\/api.w.org\/{rel}","templated":true}]}}