{"id":77217,"date":"2024-07-30T13:07:37","date_gmt":"2024-07-30T11:07:37","guid":{"rendered":"https:\/\/jugulajm.net\/?p=77217"},"modified":"2024-07-30T13:10:03","modified_gmt":"2024-07-30T11:10:03","slug":"ish-zv-kryeministri-ahmetaj-denoncon-nese-me-ndodh-gje-rama-eshte-pergjegjes","status":"publish","type":"post","link":"https:\/\/jugulajm.net\/?p=77217","title":{"rendered":"Ish-zv\/kryeministri Ahmetaj denoncon: N\u00ebse m\u00eb ndodh gj\u00eb Rama \u00ebsht\u00eb p\u00ebrgjegj\u00ebs"},"content":{"rendered":"<p>Arben Ahmetaj, ish-numri dy i qeveris\u00eb s\u00eb Edi Ram\u00ebs, ka akuzuar drejt\u00ebp\u00ebrdrejt\u00eb kryeministrin si p\u00ebrgjegj\u00ebsin kryesor n\u00ebse atij i ndodh gj\u00eb.<\/p>\n<p>\u2018Po mo po. Nuk ka r\u00ebnd\u00ebsi. Jan\u00eb 6 emra, q\u00eb n\u00ebse m\u00eb ndodh gj\u00eb jan\u00eb personat p\u00ebrgjegj\u00ebs, me emra dhe me profilizime pse\u2019, u shpreh Ahmetaj n\u00eb \u00c7im Peka Live.<\/p>\n<p><strong>Biseda :<\/strong><\/p>\n<p><strong>Peka:\u00a0<\/strong><em>Kaq ndikim ka mbi Altin Dumanin sipas jush?<\/em><\/p>\n<p><strong>Ahmetaj<\/strong>:\u00a0<em>Jo vet\u00ebm mbi Altin Dumanin, por mbi t\u00eb gjith\u00eb struktur\u00ebn e drejt\u00ebsis\u00eb. I di me detaje, kemi koh\u00eb t\u00eb flasim me emra dhe mbiemra. Do jemi tek takimi i tret\u00eb dhe i kat\u00ebrt, un\u00eb nuk ndaloj. Ky \u00ebsht\u00eb nj\u00eb nga 6 emrat, q\u00eb n\u00ebse m\u00eb ndodh, del dosja dhe rekordet. Po. As nuk dua t\u00eb ja di fare.<\/em><\/p>\n<p><strong>Peka:<\/strong>\u00a0<em>Ky \u00ebsht\u00eb nj\u00eb nga 6 emrat &#8230; Edi Rama?<\/em><\/p>\n<p><strong>Ahmetaj:\u00a0<\/strong><em>Po mo po. Nuk ka r\u00ebnd\u00ebsi. Jan\u00eb 6 emra, q\u00eb n\u00ebse m\u00eb ndodh gj\u00eb jan\u00eb personat p\u00ebrgjegj\u00ebs, me emra dhe me profilizime pse.<\/em><\/p>\n<p><strong>Peka:<\/strong>\u00a0<em>N\u00ebse ju ndodh gj\u00eb ju?<\/em><\/p>\n<p><strong>Ahemtaj:<\/strong><em>\u00a0Po dhe nuk dua t\u00eb ja di.<\/em><\/p>\n<p><strong>Peka:\u00a0<\/strong><em>Ju po thoni se diku keni depozituar garancin\u00eb&#8230;<\/em><\/p>\n<p><strong>Ahmetaj:\u00a0<\/strong><em>Nuk \u00ebsht\u00eb garanci, nuk jan\u00eb t\u00eb r\u00ebnd\u00ebsishme p\u00ebr qytetar\u00ebt se \u00e7far\u00eb kam b\u00ebr\u00eb un\u00eb. Un\u00eb jam nj\u00eb individ i akuzuar padrejt\u00ebsisht dhe i p\u00ebrdorur si kok\u00eb turku p\u00ebr t\u00eb mbyllur afer\u00ebn e incenerator\u00ebve. Nuk i shkoj, sepse ajo gj\u00ebja \u00ebsht\u00eb b\u00ebr\u00eb kavalet\u00eb. E kupton \u00e7far\u00eb ka ndodhur. Nuk ka incenerator dhe nuk jan\u00eb parat\u00eb. Kontrata me 1 mln dollar\u00eb n\u00eb muaj dhe andej e k\u00ebtej. Media e p\u00ebrfshir\u00eb. A kam th\u00ebn\u00eb tek intervista q\u00eb ka nj\u00eb struktur\u00eb q\u00eb ja di krah\u00ebt, por nuk ja di kok\u00ebn q\u00eb praktikisht p\u00ebrfshin politik\u00eb-media-incenerator. A doli TCH i p\u00ebrfshir\u00eb, Endrit Habilaj. M\u00eb vjen keq. Nuk e dua, nuk dua t\u00eb shoh k\u00ebnd n\u00eb situat\u00ebn q\u00eb jam. Jan\u00eb p\u00ebrdorur nga Vjollca Hoxha. Si ka mund\u00ebsi q\u00eb TCh nuk flet fare p\u00ebr Eco Parkun. Pse? Ka th\u00ebn\u00eb nj\u00eb ish-krushqia ime se TCH \u00ebsht\u00eb partizan i antikorrupsionit. Ku e ke? Ka folur 2 muaj p\u00ebr mua. P\u00ebr asgj\u00eb. Jan\u00eb marr\u00eb me jet\u00ebn time. Pse? Paguar nga incenerator\u00ebt, faktet po dalin. Kontratat e shitblerjeve t\u00eb aseteve t\u00eb kompanive, i p\u00ebrfshir\u00eb drejtori i TCH. Sa her\u00eb del ndonj\u00eb lajm episodik p\u00ebr mua, TCH nxiton ta nxjerr\u00eb, Karlo po, i paguar nga incenerator\u00ebt. T\u00eb gjith\u00eb jan\u00eb t\u00eb paguar nga incenerator\u00ebt. Edhe ai q\u00eb ka b\u00ebr\u00eb akuz\u00ebn e ka deklaruar, ka th\u00ebn\u00eb se m\u00eb kan\u00eb b\u00ebr\u00eb kontrat\u00eb me Klod Zoton, kan\u00eb ngat\u00ebrruar emrin. Ka b\u00ebr\u00eb me nj\u00eb nga incenerator\u00ebt p\u00ebr t\u00eb m\u00eb goditur mua. Okej, e b\u00ebri, mir\u00eb b\u00ebri, nuk kam gj\u00eb un\u00eb me t\u00eb, \u00ebsht\u00eb mercenar\u00eb.<\/em><\/p>\n","protected":false},"excerpt":{"rendered":"<p>Arben Ahmetaj, ish-numri dy i qeveris\u00eb s\u00eb Edi Ram\u00ebs, ka akuzuar drejt\u00ebp\u00ebrdrejt\u00eb kryeministrin si p\u00ebrgjegj\u00ebsin kryesor n\u00ebse atij i ndodh gj\u00eb. \u2018Po mo po. Nuk ka r\u00ebnd\u00ebsi. Jan\u00eb 6 emra, q\u00eb n\u00ebse m\u00eb ndodh gj\u00eb jan\u00eb personat p\u00ebrgjegj\u00ebs, me emra dhe me profilizime pse\u2019, u shpreh Ahmetaj n\u00eb \u00c7im Peka Live. Biseda : Peka:\u00a0Kaq ndikim [&hellip;]<\/p>\n","protected":false},"author":5,"featured_media":66662,"comment_status":"closed","ping_status":"closed","sticky":false,"template":"","format":"standard","meta":{"footnotes":""},"categories":[1,6326,6332,29228],"tags":[32352],"class_list":{"0":"post-77217","1":"post","2":"type-post","3":"status-publish","4":"format-standard","5":"has-post-thumbnail","7":"category-aktualitet","8":"category-politike","9":"category-te-fundit","10":"category-vendi","11":"tag-ish-zv-kryeministri-ahmetaj-denoncon-nese-me-ndodh-gje-rama-eshte-pergjegjes"},"_links":{"self":[{"href":"https:\/\/jugulajm.net\/index.php?rest_route=\/wp\/v2\/posts\/77217","targetHints":{"allow":["GET"]}}],"collection":[{"href":"https:\/\/jugulajm.net\/index.php?rest_route=\/wp\/v2\/posts"}],"about":[{"href":"https:\/\/jugulajm.net\/index.php?rest_route=\/wp\/v2\/types\/post"}],"author":[{"embeddable":true,"href":"https:\/\/jugulajm.net\/index.php?rest_route=\/wp\/v2\/users\/5"}],"replies":[{"embeddable":true,"href":"https:\/\/jugulajm.net\/index.php?rest_route=%2Fwp%2Fv2%2Fcomments&post=77217"}],"version-history":[{"count":0,"href":"https:\/\/jugulajm.net\/index.php?rest_route=\/wp\/v2\/posts\/77217\/revisions"}],"wp:featuredmedia":[{"embeddable":true,"href":"https:\/\/jugulajm.net\/index.php?rest_route=\/wp\/v2\/media\/66662"}],"wp:attachment":[{"href":"https:\/\/jugulajm.net\/index.php?rest_route=%2Fwp%2Fv2%2Fmedia&parent=77217"}],"wp:term":[{"taxonomy":"category","embeddable":true,"href":"https:\/\/jugulajm.net\/index.php?rest_route=%2Fwp%2Fv2%2Fcategories&post=77217"},{"taxonomy":"post_tag","embeddable":true,"href":"https:\/\/jugulajm.net\/index.php?rest_route=%2Fwp%2Fv2%2Ftags&post=77217"}],"curies":[{"name":"wp","href":"https:\/\/api.w.org\/{rel}","templated":true}]}}