{"id":77192,"date":"2024-07-29T12:24:44","date_gmt":"2024-07-29T10:24:44","guid":{"rendered":"https:\/\/jugulajm.net\/?p=77192"},"modified":"2024-07-29T12:24:44","modified_gmt":"2024-07-29T10:24:44","slug":"emri-zbardhet-vdekja-e-biznesmenit-ne-sarande-ne-pranga-autori-qe-do-ti-vendoste","status":"publish","type":"post","link":"https:\/\/jugulajm.net\/?p=77192","title":{"rendered":"EMRI\/ Zbardhet vdekja e biznesmenit n\u00eb Sarand\u00eb, n\u00eb pranga autori q\u00eb do t\u2019i vendoste&#8230;"},"content":{"rendered":"<p>Policia e Sarand\u00ebs n\u00eb bashk\u00ebpunim me Prokurorin\u00eb ka arritur t\u00eb zbardh\u00eb vdekjen e mistershme t\u00eb biznesmenit Armand Nelaj.<\/p>\n<p>Nelaj sipas policis\u00eb bashk\u00ebn me shokun e tij Eridon Muho do i vinin ekploziv anijes q\u00eb b\u00ebnte linj\u00ebn Sarand\u00eb-Korfuz p\u00ebr shkak t\u00eb konkurenc\u00ebs, por q\u00eb ekplozivi ka shp\u00ebthyer dhe i ka marr\u00eb jet\u00ebn.<\/p>\n<p>Nd\u00ebrkoh\u00eb q\u00eb \u00ebsht\u00eb arrestuar miku i tij Erindo Muho.<\/p>\n<p><strong>Njoftimi i policis\u00eb:\u00a0<\/strong><\/p>\n<p>Hetime t\u00eb thelluara n\u00eb bashk\u00ebpunim me Prokurorin\u00eb, p\u00ebr zbardhjen e ngjarjes s\u00eb ndodhur m\u00eb dat\u00eb 24.07.2024, n\u00eb portin e Sarand\u00ebs, ku si pasoj\u00eb e nj\u00eb shp\u00ebrthimi, humbi jet\u00ebn nj\u00eb 52-vje\u00e7ar.<\/p>\n<p>Si rezultat i veprimeve t\u00eb thelluara profesionale dhe hetimore, \u00ebsht\u00eb arrestuar nj\u00eb shtetas i cili dyshohet se bashk\u00eb me 52-vje\u00e7arin, do t\u2019i vendosnin nj\u00eb anijeje nj\u00eb sasi eksplozivi, q\u00eb shp\u00ebrtheu aksidentalisht duke shkaktuar vdekjen e 52-vje\u00e7arit.<\/p>\n<p>Strukturat hetimore t\u00eb Komisariatit t\u00eb Policis\u00eb Sarand\u00eb, n\u00ebn drejtimin e Prokuroris\u00eb, si rezultat i veprimeve t\u00eb thelluara hetimore t\u00eb kryera, b\u00ebn\u00eb t\u00eb mundur zbardhjen dhe dokumentimin me prova ligjore t\u00eb ngjarjes s\u00eb ndodhur m\u00eb dat\u00eb 24.06.2024, n\u00eb portin e Sarand\u00ebs, ku si pasoj\u00eb e nj\u00eb shp\u00ebrthimi n\u00eb det, humbi jet\u00ebn shtetasi A. N.<\/p>\n<p>Si rezultat i hetimeve, \u00ebsht\u00eb ndaluar shtetasi E. M., 35 vje\u00e7, banues n\u00eb Sarand\u00eb.<\/p>\n<p>Ky shtetas dyshohet se n\u00eb bashk\u00ebpunim me shtetasin A. N. kishin planifikuar v\u00ebnien e nj\u00eb sasie eksplozivi te nj\u00ebra nga anijet q\u00eb operon n\u00eb linj\u00ebn Sarand\u00eb-Korfuz, p\u00ebr motive konkurrence.<\/p>\n<p>Kjo sasi l\u00ebnde plas\u00ebse ka shp\u00ebrthyer aksidentalisht, gjat\u00eb tentativ\u00ebs p\u00ebr ta transportuar dhe v\u00ebn\u00eb n\u00eb anije, dhe si pasoj\u00eb ka humbur jet\u00ebn shtetasi A. N.<\/p>\n<p>Materialet procedurale i kaluan Prokuroris\u00eb pran\u00eb Gjykat\u00ebs s\u00eb Shkall\u00ebs s\u00eb Par\u00eb t\u00eb Juridiksionit t\u00eb P\u00ebrgjithsh\u00ebm Sarand\u00eb, p\u00ebr veprime t\u00eb m\u00ebtejshme.<\/p>\n","protected":false},"excerpt":{"rendered":"<p>Policia e Sarand\u00ebs n\u00eb bashk\u00ebpunim me Prokurorin\u00eb ka arritur t\u00eb zbardh\u00eb vdekjen e mistershme t\u00eb biznesmenit Armand Nelaj. Nelaj sipas policis\u00eb bashk\u00ebn me shokun e tij Eridon Muho do i vinin ekploziv anijes q\u00eb b\u00ebnte linj\u00ebn Sarand\u00eb-Korfuz p\u00ebr shkak t\u00eb konkurenc\u00ebs, por q\u00eb ekplozivi ka shp\u00ebthyer dhe i ka marr\u00eb jet\u00ebn. Nd\u00ebrkoh\u00eb q\u00eb \u00ebsht\u00eb arrestuar [&hellip;]<\/p>\n","protected":false},"author":5,"featured_media":76092,"comment_status":"closed","ping_status":"closed","sticky":false,"template":"","format":"standard","meta":{"footnotes":""},"categories":[1,6332],"tags":[32341,32342],"class_list":{"0":"post-77192","1":"post","2":"type-post","3":"status-publish","4":"format-standard","5":"has-post-thumbnail","7":"category-aktualitet","8":"category-te-fundit","9":"tag-emri-zbardhet-vdekja-e-biznesmenit-ne-sarande","10":"tag-ne-pranga-autori-qe-do-ti-vendoste"},"_links":{"self":[{"href":"https:\/\/jugulajm.net\/index.php?rest_route=\/wp\/v2\/posts\/77192","targetHints":{"allow":["GET"]}}],"collection":[{"href":"https:\/\/jugulajm.net\/index.php?rest_route=\/wp\/v2\/posts"}],"about":[{"href":"https:\/\/jugulajm.net\/index.php?rest_route=\/wp\/v2\/types\/post"}],"author":[{"embeddable":true,"href":"https:\/\/jugulajm.net\/index.php?rest_route=\/wp\/v2\/users\/5"}],"replies":[{"embeddable":true,"href":"https:\/\/jugulajm.net\/index.php?rest_route=%2Fwp%2Fv2%2Fcomments&post=77192"}],"version-history":[{"count":0,"href":"https:\/\/jugulajm.net\/index.php?rest_route=\/wp\/v2\/posts\/77192\/revisions"}],"wp:featuredmedia":[{"embeddable":true,"href":"https:\/\/jugulajm.net\/index.php?rest_route=\/wp\/v2\/media\/76092"}],"wp:attachment":[{"href":"https:\/\/jugulajm.net\/index.php?rest_route=%2Fwp%2Fv2%2Fmedia&parent=77192"}],"wp:term":[{"taxonomy":"category","embeddable":true,"href":"https:\/\/jugulajm.net\/index.php?rest_route=%2Fwp%2Fv2%2Fcategories&post=77192"},{"taxonomy":"post_tag","embeddable":true,"href":"https:\/\/jugulajm.net\/index.php?rest_route=%2Fwp%2Fv2%2Ftags&post=77192"}],"curies":[{"name":"wp","href":"https:\/\/api.w.org\/{rel}","templated":true}]}}