{"id":77177,"date":"2024-07-28T22:35:32","date_gmt":"2024-07-28T20:35:32","guid":{"rendered":"https:\/\/jugulajm.net\/?p=77177"},"modified":"2024-07-28T22:35:32","modified_gmt":"2024-07-28T20:35:32","slug":"sherr-mes-2-te-miturve-lendohet-me-thike-15-vjecari","status":"publish","type":"post","link":"https:\/\/jugulajm.net\/?p=77177","title":{"rendered":"Sherr mes 2 t\u00eb miturve, l\u00ebndohet me thik\u00eb 15-vje\u00e7ari"},"content":{"rendered":"<p>Nj\u00eb 15-vje\u00e7ar n\u00eb Pogradec \u00ebsht\u00eb paraqitur p\u00ebr ndihm\u00eb mjek\u00ebsore rreth or\u00ebs 20:50, n\u00eb urgjenc\u00ebn e spitalit, pasi \u00ebsht\u00eb l\u00ebnduar me thik\u00eb nga nj\u00eb 13-vje\u00e7ar.<\/p>\n<p>Sipas asaj q\u00eb njofton Policia, 15-vje\u00e7ari pasi mori ndihm\u00eb mjek\u00ebsore n\u00eb spital u largua n\u00eb banes\u00eb, nd\u00ebrkoh\u00eb 13-vje\u00e7ari \u00ebsht\u00eb identifikuar dhe do t\u00eb shoq\u00ebrohet ne Komisariat.<\/p>\n<p>Grupi hetimor ndodhet n\u00eb vendngjarje dhe po punon p\u00ebr sqarimin plot\u00eb t\u00eb rrethanave t\u00eb ngjarjes.<\/p>\n<p><strong>Njoftimi i Policis\u00eb:<\/strong><\/p>\n<p><em>Rreth or\u00ebs 20:50, n\u00eb urgjenc\u00ebn e spitalit Pogradec, \u00ebsht\u00eb paraqitur p\u00ebr ndihm\u00eb mjek\u00ebsore nj\u00eb 15 vje\u00e7ar, banues n\u00eb Pogradec, i cili gjat\u00eb nj\u00eb konflikti t\u00eb \u00e7astit, \u00ebsht\u00eb d\u00ebmtuar leht\u00eb me mjet\u00a0 prer\u00ebs(thik\u00eb),\u00a0 nga nj\u00eb 13 vje\u00e7ar.<\/em><\/p>\n<p><em>15 vje\u00e7ari pasi mori ndihm\u00eb mjek\u00ebsore n\u00eb spital u largua n\u00eb banes\u00eb.<\/em><\/p>\n<p><em>Sh\u00ebrbimet e Policis\u00eb kan\u00eb identifikuar 13 vje\u00e7arin i cili\u00a0 do shoq\u00ebrohet n\u00eb Komisariat.<\/em><\/p>\n<p><em>Grupi hetimor ndodhet n\u00eb vendngjarje dhe po punon p\u00ebr sqarimin plot\u00eb t\u00eb rrethanave t\u00eb ngjarjes.<\/em><\/p>\n","protected":false},"excerpt":{"rendered":"<p>Nj\u00eb 15-vje\u00e7ar n\u00eb Pogradec \u00ebsht\u00eb paraqitur p\u00ebr ndihm\u00eb mjek\u00ebsore rreth or\u00ebs 20:50, n\u00eb urgjenc\u00ebn e spitalit, pasi \u00ebsht\u00eb l\u00ebnduar me thik\u00eb nga nj\u00eb 13-vje\u00e7ar. Sipas asaj q\u00eb njofton Policia, 15-vje\u00e7ari pasi mori ndihm\u00eb mjek\u00ebsore n\u00eb spital u largua n\u00eb banes\u00eb, nd\u00ebrkoh\u00eb 13-vje\u00e7ari \u00ebsht\u00eb identifikuar dhe do t\u00eb shoq\u00ebrohet ne Komisariat. Grupi hetimor ndodhet n\u00eb vendngjarje [&hellip;]<\/p>\n","protected":false},"author":5,"featured_media":51534,"comment_status":"closed","ping_status":"closed","sticky":false,"template":"","format":"standard","meta":{"footnotes":""},"categories":[1,6332,29228],"tags":[32336,32335],"class_list":{"0":"post-77177","1":"post","2":"type-post","3":"status-publish","4":"format-standard","5":"has-post-thumbnail","7":"category-aktualitet","8":"category-te-fundit","9":"category-vendi","10":"tag-lendohet-me-thike-15-vjecari","11":"tag-sherr-mes-2-te-miturve"},"_links":{"self":[{"href":"https:\/\/jugulajm.net\/index.php?rest_route=\/wp\/v2\/posts\/77177","targetHints":{"allow":["GET"]}}],"collection":[{"href":"https:\/\/jugulajm.net\/index.php?rest_route=\/wp\/v2\/posts"}],"about":[{"href":"https:\/\/jugulajm.net\/index.php?rest_route=\/wp\/v2\/types\/post"}],"author":[{"embeddable":true,"href":"https:\/\/jugulajm.net\/index.php?rest_route=\/wp\/v2\/users\/5"}],"replies":[{"embeddable":true,"href":"https:\/\/jugulajm.net\/index.php?rest_route=%2Fwp%2Fv2%2Fcomments&post=77177"}],"version-history":[{"count":0,"href":"https:\/\/jugulajm.net\/index.php?rest_route=\/wp\/v2\/posts\/77177\/revisions"}],"wp:featuredmedia":[{"embeddable":true,"href":"https:\/\/jugulajm.net\/index.php?rest_route=\/wp\/v2\/media\/51534"}],"wp:attachment":[{"href":"https:\/\/jugulajm.net\/index.php?rest_route=%2Fwp%2Fv2%2Fmedia&parent=77177"}],"wp:term":[{"taxonomy":"category","embeddable":true,"href":"https:\/\/jugulajm.net\/index.php?rest_route=%2Fwp%2Fv2%2Fcategories&post=77177"},{"taxonomy":"post_tag","embeddable":true,"href":"https:\/\/jugulajm.net\/index.php?rest_route=%2Fwp%2Fv2%2Ftags&post=77177"}],"curies":[{"name":"wp","href":"https:\/\/api.w.org\/{rel}","templated":true}]}}