{"id":77158,"date":"2024-07-28T14:22:51","date_gmt":"2024-07-28T12:22:51","guid":{"rendered":"https:\/\/jugulajm.net\/?p=77158"},"modified":"2024-07-28T14:22:51","modified_gmt":"2024-07-28T12:22:51","slug":"emrat-rama-fillon-ndryshimet-ne-qeveri-dhe-parlament-ja-kush-iken-dhe-vjen","status":"publish","type":"post","link":"https:\/\/jugulajm.net\/?p=77158","title":{"rendered":"EMRAT\/ Rama fillon ndryshimet n\u00eb qeveri dhe parlament, ja kush ik\u00ebn dhe vjen&#8230;"},"content":{"rendered":"<p>Kreu i PS ka b\u00ebr\u00eb publike edhe ndryshimet n\u00eb drejtimin e Kuvendit dhe ne qeveri.<\/p>\n<p>\u201cDo i propozoj grupit parlamentar q\u00eb n\u00eb nj\u00eb seanc\u00eb t\u00eb menj\u00ebhershme t\u2019i japim besimin ton\u00eb Elisa Spiropalit p\u00ebr t\u00eb marr\u00eb drejtimin e Parlamentit\u201d.<\/p>\n<p>Bledi \u00c7u\u00e7i, n\u00ebnkryetar i Kuvendit.<\/p>\n<p>Niko Peleshi kryetar i grupit parlamentar.<\/p>\n<p>Nd\u00ebrkoh\u00eb Rama ka b\u00ebr\u00eb t\u00eb ditur edhe ndryshime ne qeveri duke larguar\u00a0Taulant Ball\u00ebn\u00a0nga Ministria e Brendshme dhe duke i\u00a0dh\u00ebne vendin e Spiropalit.<\/p>\n<p>N\u00eb ministrin\u00eb e mbrojtjes vjen Pirro V\u00ebngu.<\/p>\n<p>Ne ministrinw e Financave Petrit Malaj.<\/p>\n<p>Ne vend t\u00eb\u00a0Ball\u00ebs n\u00eb Ministtrin\u00eb\u00a0e Brend\u00ebshme vjen Ervin Hoxha.<\/p>\n","protected":false},"excerpt":{"rendered":"<p>Kreu i PS ka b\u00ebr\u00eb publike edhe ndryshimet n\u00eb drejtimin e Kuvendit dhe ne qeveri. \u201cDo i propozoj grupit parlamentar q\u00eb n\u00eb nj\u00eb seanc\u00eb t\u00eb menj\u00ebhershme t\u2019i japim besimin ton\u00eb Elisa Spiropalit p\u00ebr t\u00eb marr\u00eb drejtimin e Parlamentit\u201d. Bledi \u00c7u\u00e7i, n\u00ebnkryetar i Kuvendit. Niko Peleshi kryetar i grupit parlamentar. Nd\u00ebrkoh\u00eb Rama ka b\u00ebr\u00eb t\u00eb ditur [&hellip;]<\/p>\n","protected":false},"author":5,"featured_media":64707,"comment_status":"closed","ping_status":"closed","sticky":false,"template":"","format":"standard","meta":{"footnotes":""},"categories":[6326,6332,29228],"tags":[32324,32325],"class_list":{"0":"post-77158","1":"post","2":"type-post","3":"status-publish","4":"format-standard","5":"has-post-thumbnail","7":"category-politike","8":"category-te-fundit","9":"category-vendi","10":"tag-emrat-rama-fillon-ndryshimet-ne-qeveri-dhe-parlament","11":"tag-ja-kush-iken-dhe-vjen"},"_links":{"self":[{"href":"https:\/\/jugulajm.net\/index.php?rest_route=\/wp\/v2\/posts\/77158","targetHints":{"allow":["GET"]}}],"collection":[{"href":"https:\/\/jugulajm.net\/index.php?rest_route=\/wp\/v2\/posts"}],"about":[{"href":"https:\/\/jugulajm.net\/index.php?rest_route=\/wp\/v2\/types\/post"}],"author":[{"embeddable":true,"href":"https:\/\/jugulajm.net\/index.php?rest_route=\/wp\/v2\/users\/5"}],"replies":[{"embeddable":true,"href":"https:\/\/jugulajm.net\/index.php?rest_route=%2Fwp%2Fv2%2Fcomments&post=77158"}],"version-history":[{"count":0,"href":"https:\/\/jugulajm.net\/index.php?rest_route=\/wp\/v2\/posts\/77158\/revisions"}],"wp:featuredmedia":[{"embeddable":true,"href":"https:\/\/jugulajm.net\/index.php?rest_route=\/wp\/v2\/media\/64707"}],"wp:attachment":[{"href":"https:\/\/jugulajm.net\/index.php?rest_route=%2Fwp%2Fv2%2Fmedia&parent=77158"}],"wp:term":[{"taxonomy":"category","embeddable":true,"href":"https:\/\/jugulajm.net\/index.php?rest_route=%2Fwp%2Fv2%2Fcategories&post=77158"},{"taxonomy":"post_tag","embeddable":true,"href":"https:\/\/jugulajm.net\/index.php?rest_route=%2Fwp%2Fv2%2Ftags&post=77158"}],"curies":[{"name":"wp","href":"https:\/\/api.w.org\/{rel}","templated":true}]}}