{"id":77153,"date":"2024-07-28T11:40:20","date_gmt":"2024-07-28T09:40:20","guid":{"rendered":"https:\/\/jugulajm.net\/?p=77153"},"modified":"2024-07-28T11:40:20","modified_gmt":"2024-07-28T09:40:20","slug":"emri-foto-ja-kush-eshte-26-vjecari-qe-ra-nga-shkembi","status":"publish","type":"post","link":"https:\/\/jugulajm.net\/?p=77153","title":{"rendered":"EMRI-FOTO\/ Ja kush \u00ebsht\u00eb 26-vje\u00e7ari q\u00eb ra nga shk\u00ebmbi"},"content":{"rendered":"<p>Liridon Azemi, 30 vje\u00e7, humbi jet\u00ebn n\u00eb Tropoj\u00eb pasi ra nga lart\u00ebsia e malit \u2018Maja e That\u00eb\u2019.<\/p>\n<p>Ai u rr\u00ebzua nga lart\u00ebsia m\u00eb 26 korrik, por vet\u00ebm dje u arrit q\u00eb t\u00eb nxirret trupi i pajet\u00eb i t\u00eb riut.<\/p>\n<p>30-vje\u00e7ari nga Podujeva ka qen\u00eb duke eksploruar bjeshk\u00ebt e Tropoj\u00ebs, nd\u00ebrsa dyshohet se p\u00ebr shkak t\u00eb terrenit t\u00eb thepisur malor, 30-vje\u00e7ari ra nga lart\u00ebsia.<\/p>\n<p>\u00cbsht\u00eb dashur nd\u00ebrhyrja e helikopterit p\u00ebr t\u00eb nxjerr\u00eb trupin e pajet\u00eb, nd\u00ebrsa n\u00eb bashk\u00eb me t\u00eb ishin edhe 3 persona t\u00eb tjer\u00eb q\u00eb ndodhen n\u00eb gjendje t\u00eb mir\u00eb sh\u00ebndet\u00ebsore.<\/p>\n","protected":false},"excerpt":{"rendered":"<p>Liridon Azemi, 30 vje\u00e7, humbi jet\u00ebn n\u00eb Tropoj\u00eb pasi ra nga lart\u00ebsia e malit \u2018Maja e That\u00eb\u2019. Ai u rr\u00ebzua nga lart\u00ebsia m\u00eb 26 korrik, por vet\u00ebm dje u arrit q\u00eb t\u00eb nxirret trupi i pajet\u00eb i t\u00eb riut. 30-vje\u00e7ari nga Podujeva ka qen\u00eb duke eksploruar bjeshk\u00ebt e Tropoj\u00ebs, nd\u00ebrsa dyshohet se p\u00ebr shkak t\u00eb [&hellip;]<\/p>\n","protected":false},"author":5,"featured_media":77154,"comment_status":"closed","ping_status":"closed","sticky":false,"template":"","format":"standard","meta":{"footnotes":""},"categories":[1,6332,29228],"tags":[32322],"class_list":{"0":"post-77153","1":"post","2":"type-post","3":"status-publish","4":"format-standard","5":"has-post-thumbnail","7":"category-aktualitet","8":"category-te-fundit","9":"category-vendi","10":"tag-emri-foto-ja-kush-eshte-26-vjecari-qe-ra-nga-shkembi"},"_links":{"self":[{"href":"https:\/\/jugulajm.net\/index.php?rest_route=\/wp\/v2\/posts\/77153","targetHints":{"allow":["GET"]}}],"collection":[{"href":"https:\/\/jugulajm.net\/index.php?rest_route=\/wp\/v2\/posts"}],"about":[{"href":"https:\/\/jugulajm.net\/index.php?rest_route=\/wp\/v2\/types\/post"}],"author":[{"embeddable":true,"href":"https:\/\/jugulajm.net\/index.php?rest_route=\/wp\/v2\/users\/5"}],"replies":[{"embeddable":true,"href":"https:\/\/jugulajm.net\/index.php?rest_route=%2Fwp%2Fv2%2Fcomments&post=77153"}],"version-history":[{"count":0,"href":"https:\/\/jugulajm.net\/index.php?rest_route=\/wp\/v2\/posts\/77153\/revisions"}],"wp:featuredmedia":[{"embeddable":true,"href":"https:\/\/jugulajm.net\/index.php?rest_route=\/wp\/v2\/media\/77154"}],"wp:attachment":[{"href":"https:\/\/jugulajm.net\/index.php?rest_route=%2Fwp%2Fv2%2Fmedia&parent=77153"}],"wp:term":[{"taxonomy":"category","embeddable":true,"href":"https:\/\/jugulajm.net\/index.php?rest_route=%2Fwp%2Fv2%2Fcategories&post=77153"},{"taxonomy":"post_tag","embeddable":true,"href":"https:\/\/jugulajm.net\/index.php?rest_route=%2Fwp%2Fv2%2Ftags&post=77153"}],"curies":[{"name":"wp","href":"https:\/\/api.w.org\/{rel}","templated":true}]}}