{"id":76965,"date":"2024-07-22T08:33:53","date_gmt":"2024-07-22T06:33:53","guid":{"rendered":"https:\/\/jugulajm.net\/?p=76965"},"modified":"2024-07-22T08:33:53","modified_gmt":"2024-07-22T06:33:53","slug":"foto-parashikimi-i-motit-per-te-gjithe-javen-2","status":"publish","type":"post","link":"https:\/\/jugulajm.net\/?p=76965","title":{"rendered":"FOTO\/ Parashikimi i motit p\u00ebr t\u00eb gjith\u00eb jav\u00ebn"},"content":{"rendered":"<p>K\u00ebt\u00eb jav\u00eb, vendi yn\u00eb do t\u00eb ndikohet nga kushte atmosferike relativisht t\u00eb paq\u00ebndrueshme dhe pak m\u00eb t\u00eb fresk\u00ebta, p\u00ebr shkak t\u00eb t\u00ebrheqjes s\u00eb Anticiklonit Afrikan dhe atij i Azoreve.<\/p>\n<p>Sipas Sh\u00ebrbimit Meteorologjik Ushtarak, or\u00ebt me diell nuk do t\u00eb mungojn\u00eb.<\/p>\n<p>Moti pritet t\u00eb jet\u00eb fillimisht i kthjell\u00ebt, si dhe vran\u00ebsira n\u00eb shtim nga or\u00ebt e mesdit\u00ebs e pasdites kryesisht n\u00eb relievet kodrinore \u2013 malore t\u00eb vendit. Vran\u00ebsirat do t\u00eb pasohen nga reshje e shiu, t\u00eb cilat pritet t\u00eb jen\u00eb n\u00eb form\u00ebn e shtr\u00ebngatave afatshkurtra, t\u00eb shoq\u00ebruara me shkarkesa elektrike e lokalisht bresh\u00ebr.<\/p>\n<p>P\u00ebrjashtim b\u00ebn dita e Premte ku moti pritet t\u00eb jet\u00eb i kthjell\u00ebt e me vran\u00ebsira t\u00eb pakta deri n\u00eb mesatar nga or\u00ebt e mesdit\u00ebs p\u00ebrgjat\u00eb relieveve t\u00eb larta malore. Vran\u00ebsirat pritet t\u00eb shoq\u00ebrohen me reshje shiu t\u00eb izoluara dhe me intensitet t\u00eb ul\u00ebt.<\/p>\n<p>Era me drejtim kryesor veriper\u00ebndim \u2013 juglindje me shpejt\u00ebsi mesatare 2-9m\/sek, nd\u00ebrsa p\u00ebrgjat\u00eb vij\u00ebs bregdetare e lugina si dhe n\u00eb momentin e zhvillimit t\u00eb vran\u00ebsirave era hera \u2013her\u00ebs fiton shpejt\u00ebsi 10-14m\/sek, duke b\u00ebr\u00eb q\u00eb val\u00ebzimi n\u00eb dete t\u00eb jet\u00eb i 1-3 ball\u00eb.<\/p>\n<p><img decoding=\"async\" src=\"https:\/\/media.cna.al\/cna.al\/media3\/-640-0-1721625162x452263490-1202194294141571-1636362012957959970-n-216.jpg\" alt=\"Ulen temperaturat\/ Parashikimi i motit p\u00ebr jav\u00ebn\" width=\"100%\" data-size=\"x\" data-id=\"438548\" \/><\/p>\n","protected":false},"excerpt":{"rendered":"<p>K\u00ebt\u00eb jav\u00eb, vendi yn\u00eb do t\u00eb ndikohet nga kushte atmosferike relativisht t\u00eb paq\u00ebndrueshme dhe pak m\u00eb t\u00eb fresk\u00ebta, p\u00ebr shkak t\u00eb t\u00ebrheqjes s\u00eb Anticiklonit Afrikan dhe atij i Azoreve. Sipas Sh\u00ebrbimit Meteorologjik Ushtarak, or\u00ebt me diell nuk do t\u00eb mungojn\u00eb. Moti pritet t\u00eb jet\u00eb fillimisht i kthjell\u00ebt, si dhe vran\u00ebsira n\u00eb shtim nga or\u00ebt e [&hellip;]<\/p>\n","protected":false},"author":5,"featured_media":46558,"comment_status":"closed","ping_status":"closed","sticky":false,"template":"","format":"standard","meta":{"footnotes":""},"categories":[7650,6332,29228],"tags":[31754],"class_list":{"0":"post-76965","1":"post","2":"type-post","3":"status-publish","4":"format-standard","5":"has-post-thumbnail","7":"category-moti","8":"category-te-fundit","9":"category-vendi","10":"tag-foto-parashikimi-i-motit-per-te-gjithe-javen"},"_links":{"self":[{"href":"https:\/\/jugulajm.net\/index.php?rest_route=\/wp\/v2\/posts\/76965","targetHints":{"allow":["GET"]}}],"collection":[{"href":"https:\/\/jugulajm.net\/index.php?rest_route=\/wp\/v2\/posts"}],"about":[{"href":"https:\/\/jugulajm.net\/index.php?rest_route=\/wp\/v2\/types\/post"}],"author":[{"embeddable":true,"href":"https:\/\/jugulajm.net\/index.php?rest_route=\/wp\/v2\/users\/5"}],"replies":[{"embeddable":true,"href":"https:\/\/jugulajm.net\/index.php?rest_route=%2Fwp%2Fv2%2Fcomments&post=76965"}],"version-history":[{"count":0,"href":"https:\/\/jugulajm.net\/index.php?rest_route=\/wp\/v2\/posts\/76965\/revisions"}],"wp:featuredmedia":[{"embeddable":true,"href":"https:\/\/jugulajm.net\/index.php?rest_route=\/wp\/v2\/media\/46558"}],"wp:attachment":[{"href":"https:\/\/jugulajm.net\/index.php?rest_route=%2Fwp%2Fv2%2Fmedia&parent=76965"}],"wp:term":[{"taxonomy":"category","embeddable":true,"href":"https:\/\/jugulajm.net\/index.php?rest_route=%2Fwp%2Fv2%2Fcategories&post=76965"},{"taxonomy":"post_tag","embeddable":true,"href":"https:\/\/jugulajm.net\/index.php?rest_route=%2Fwp%2Fv2%2Ftags&post=76965"}],"curies":[{"name":"wp","href":"https:\/\/api.w.org\/{rel}","templated":true}]}}