{"id":76830,"date":"2024-07-17T19:56:29","date_gmt":"2024-07-17T17:56:29","guid":{"rendered":"https:\/\/jugulajm.net\/?p=76830"},"modified":"2024-07-17T19:56:29","modified_gmt":"2024-07-17T17:56:29","slug":"prangoset-41-vjecari-dhunoi-gruan-kanosi-babain-dhe-grabiti-1-banese","status":"publish","type":"post","link":"https:\/\/jugulajm.net\/?p=76830","title":{"rendered":"Prangoset 41-vje\u00e7ari, dhunoi gruan, kanosi babain dhe grabiti 1 banes\u00eb"},"content":{"rendered":"<p><span data-contrast=\"auto\">Policia ka arrestuar nj\u00eb 41-vje\u00e7ar, i cili akuzohet p\u00ebr kanosje t\u00eb vazhdueshme ndaj t\u00eb atit, dhun\u00eb ndaj bashk\u00ebshortes dhe grabitje t\u00eb nj\u00eb banese.<\/span><span data-ccp-props=\"{&quot;201341983&quot;:0,&quot;335559739&quot;:160,&quot;335559740&quot;:279}\">\u00a0<\/span><\/p>\n<p><span data-contrast=\"auto\">Policia njofton arrestimin e tij, nd\u00ebrsa sqaron se t\u00eb gjitha ngjarjet p\u00ebr t\u00eb cilat akuzohet kan\u00eb ndodhur gjat\u00eb 10 dit\u00ebve t\u00eb fundit.<\/span><span data-ccp-props=\"{&quot;201341983&quot;:0,&quot;335559739&quot;:160,&quot;335559740&quot;:279}\">\u00a0<\/span><\/p>\n<p><span data-contrast=\"auto\">\u201cKomisariati i Policis\u00eb Kor\u00e7\u00eb, si rezultat i kontrolleve t\u00eb kryera n\u00eb zbatim t\u00eb masave t\u00eb planit operacional \u201cSundimi i ligjit\u201d, p\u00ebr kapjen e shtetasve n\u00eb k\u00ebrkim, kapi dhe ndaloi shtetasin Z. G., 41 vje\u00e7, banues n\u00eb Kor\u00e7\u00eb. Ky shtetas ishte shpallur n\u00eb k\u00ebrkim pasi dyshohet se:\u00a0\u00a0\u00a0<\/span><span data-ccp-props=\"{&quot;201341983&quot;:0,&quot;335559739&quot;:160,&quot;335559740&quot;:279}\">\u00a0<\/span><\/p>\n<p><span data-contrast=\"auto\">-m\u00eb dat\u00eb 07.07.2024, n\u00eb lokalin e tij, n\u00eb lagjen nr. 6, ka kanosur me fjal\u00eb baban\u00eb e tij, i cili ishte i pajisur me urdh\u00ebr mbrojtjeje;<\/span><span data-ccp-props=\"{&quot;201341983&quot;:0,&quot;335559739&quot;:160,&quot;335559740&quot;:279}\">\u00a0<\/span><\/p>\n<p><span data-contrast=\"auto\">-m\u00eb dat\u00eb 13.07.2024, ka dhunuar bashk\u00ebshorten e tij, e cila u pajis me urdh\u00ebr mbrojtjeje;<\/span><span data-ccp-props=\"{&quot;201341983&quot;:0,&quot;335559739&quot;:160,&quot;335559740&quot;:279}\">\u00a0<\/span><\/p>\n<p><span data-contrast=\"auto\">-m\u00eb dat\u00eb 15.07.2024, n\u00eb lagjen nr. 10, Kor\u00e7\u00eb, ka vjedhur n\u00eb nj\u00eb banes\u00eb, nj\u00eb celular dhe nj\u00eb shum\u00eb parash.\u201d<\/span><span data-ccp-props=\"{&quot;201341983&quot;:0,&quot;335559739&quot;:160,&quot;335559740&quot;:279}\">\u00a0<\/span><\/p>\n<p><span data-contrast=\"auto\">41-vje\u00e7ari tanim\u00eb do t\u00eb duhet t\u00eb p\u00ebrballet me akuzat p\u00ebr veprat penale \u201cveprime n\u00eb kund\u00ebrshtim me vendimin e gjykat\u00ebs\u201d, \u201cdhun\u00eb n\u00eb familje\u201d dhe \u201cvjedhja\u201d,\u201d-njofton policia.<\/span><span data-ccp-props=\"{&quot;201341983&quot;:0,&quot;335559739&quot;:160,&quot;335559740&quot;:279}\">\u00a0<\/span><\/p>\n","protected":false},"excerpt":{"rendered":"<p>Policia ka arrestuar nj\u00eb 41-vje\u00e7ar, i cili akuzohet p\u00ebr kanosje t\u00eb vazhdueshme ndaj t\u00eb atit, dhun\u00eb ndaj bashk\u00ebshortes dhe grabitje t\u00eb nj\u00eb banese.\u00a0 Policia njofton arrestimin e tij, nd\u00ebrsa sqaron se t\u00eb gjitha ngjarjet p\u00ebr t\u00eb cilat akuzohet kan\u00eb ndodhur gjat\u00eb 10 dit\u00ebve t\u00eb fundit.\u00a0 \u201cKomisariati i Policis\u00eb Kor\u00e7\u00eb, si rezultat i kontrolleve t\u00eb kryera [&hellip;]<\/p>\n","protected":false},"author":5,"featured_media":47017,"comment_status":"closed","ping_status":"closed","sticky":false,"template":"","format":"standard","meta":{"footnotes":""},"categories":[1,6332,29228],"tags":[32174,32175,22012],"class_list":{"0":"post-76830","1":"post","2":"type-post","3":"status-publish","4":"format-standard","5":"has-post-thumbnail","7":"category-aktualitet","8":"category-te-fundit","9":"category-vendi","10":"tag-dhunoi-gruan","11":"tag-kanosi-babain-dhe-grabiti-1-banese","12":"tag-prangoset-41-vjecari"},"_links":{"self":[{"href":"https:\/\/jugulajm.net\/index.php?rest_route=\/wp\/v2\/posts\/76830","targetHints":{"allow":["GET"]}}],"collection":[{"href":"https:\/\/jugulajm.net\/index.php?rest_route=\/wp\/v2\/posts"}],"about":[{"href":"https:\/\/jugulajm.net\/index.php?rest_route=\/wp\/v2\/types\/post"}],"author":[{"embeddable":true,"href":"https:\/\/jugulajm.net\/index.php?rest_route=\/wp\/v2\/users\/5"}],"replies":[{"embeddable":true,"href":"https:\/\/jugulajm.net\/index.php?rest_route=%2Fwp%2Fv2%2Fcomments&post=76830"}],"version-history":[{"count":0,"href":"https:\/\/jugulajm.net\/index.php?rest_route=\/wp\/v2\/posts\/76830\/revisions"}],"wp:featuredmedia":[{"embeddable":true,"href":"https:\/\/jugulajm.net\/index.php?rest_route=\/wp\/v2\/media\/47017"}],"wp:attachment":[{"href":"https:\/\/jugulajm.net\/index.php?rest_route=%2Fwp%2Fv2%2Fmedia&parent=76830"}],"wp:term":[{"taxonomy":"category","embeddable":true,"href":"https:\/\/jugulajm.net\/index.php?rest_route=%2Fwp%2Fv2%2Fcategories&post=76830"},{"taxonomy":"post_tag","embeddable":true,"href":"https:\/\/jugulajm.net\/index.php?rest_route=%2Fwp%2Fv2%2Ftags&post=76830"}],"curies":[{"name":"wp","href":"https:\/\/api.w.org\/{rel}","templated":true}]}}