{"id":76821,"date":"2024-07-17T16:10:09","date_gmt":"2024-07-17T14:10:09","guid":{"rendered":"https:\/\/jugulajm.net\/?p=76821"},"modified":"2024-07-17T16:10:09","modified_gmt":"2024-07-17T14:10:09","slug":"ndalohet-18-vjecari-aksidentoi-6-vjecarin-dhe-u-largua","status":"publish","type":"post","link":"https:\/\/jugulajm.net\/?p=76821","title":{"rendered":"Ndalohet 18-vje\u00e7ari, aksidentoi 6-vje\u00e7arin dhe u largua"},"content":{"rendered":"<div class=\"firstP\">\n<p>Nj\u00eb 18-vje\u00e7ar nga Pogradeci u ndalua k\u00ebt\u00eb t\u00eb m\u00ebrkur\u00eb, pasi dy dit\u00eb m\u00eb par\u00eb p\u00ebrplasi me makin\u00eb nj\u00eb 6-vje\u00e7ar.<\/p>\n<\/div>\n<p>Ngjarja ndodhi n\u00eb 15 korrik n\u00eb Pogradec, kur i riu me inicalet E.T.\u00a0duke drejtuar automjetin tip \u201cRenault\u201d, aksidentoi t\u00eb miturin dhe u largua nga vendi i aksidentit.<\/p>\n<p>Automjeti u sekuestrua n\u00eb cil\u00ebsin\u00eb e prov\u00ebs materiale, nd\u00ebrsa vijon hetimi p\u00ebr ngjarjen.<\/p>\n<p>Nd\u00ebrkoh\u00eb, 6-vje\u00e7ari ndodhet ende n\u00eb spital, n\u00ebn kujdesin e mjek\u00ebve.<\/p>\n","protected":false},"excerpt":{"rendered":"<p>Nj\u00eb 18-vje\u00e7ar nga Pogradeci u ndalua k\u00ebt\u00eb t\u00eb m\u00ebrkur\u00eb, pasi dy dit\u00eb m\u00eb par\u00eb p\u00ebrplasi me makin\u00eb nj\u00eb 6-vje\u00e7ar. Ngjarja ndodhi n\u00eb 15 korrik n\u00eb Pogradec, kur i riu me inicalet E.T.\u00a0duke drejtuar automjetin tip \u201cRenault\u201d, aksidentoi t\u00eb miturin dhe u largua nga vendi i aksidentit. Automjeti u sekuestrua n\u00eb cil\u00ebsin\u00eb e prov\u00ebs materiale, nd\u00ebrsa [&hellip;]<\/p>\n","protected":false},"author":5,"featured_media":58064,"comment_status":"closed","ping_status":"closed","sticky":false,"template":"","format":"standard","meta":{"footnotes":""},"categories":[1,6332,29228],"tags":[32169,32168],"class_list":{"0":"post-76821","1":"post","2":"type-post","3":"status-publish","4":"format-standard","5":"has-post-thumbnail","7":"category-aktualitet","8":"category-te-fundit","9":"category-vendi","10":"tag-aksidentoi-6-vjecarin-dhe-u-largua","11":"tag-ndalohet-18-vjecari"},"_links":{"self":[{"href":"https:\/\/jugulajm.net\/index.php?rest_route=\/wp\/v2\/posts\/76821","targetHints":{"allow":["GET"]}}],"collection":[{"href":"https:\/\/jugulajm.net\/index.php?rest_route=\/wp\/v2\/posts"}],"about":[{"href":"https:\/\/jugulajm.net\/index.php?rest_route=\/wp\/v2\/types\/post"}],"author":[{"embeddable":true,"href":"https:\/\/jugulajm.net\/index.php?rest_route=\/wp\/v2\/users\/5"}],"replies":[{"embeddable":true,"href":"https:\/\/jugulajm.net\/index.php?rest_route=%2Fwp%2Fv2%2Fcomments&post=76821"}],"version-history":[{"count":0,"href":"https:\/\/jugulajm.net\/index.php?rest_route=\/wp\/v2\/posts\/76821\/revisions"}],"wp:featuredmedia":[{"embeddable":true,"href":"https:\/\/jugulajm.net\/index.php?rest_route=\/wp\/v2\/media\/58064"}],"wp:attachment":[{"href":"https:\/\/jugulajm.net\/index.php?rest_route=%2Fwp%2Fv2%2Fmedia&parent=76821"}],"wp:term":[{"taxonomy":"category","embeddable":true,"href":"https:\/\/jugulajm.net\/index.php?rest_route=%2Fwp%2Fv2%2Fcategories&post=76821"},{"taxonomy":"post_tag","embeddable":true,"href":"https:\/\/jugulajm.net\/index.php?rest_route=%2Fwp%2Fv2%2Ftags&post=76821"}],"curies":[{"name":"wp","href":"https:\/\/api.w.org\/{rel}","templated":true}]}}