{"id":76751,"date":"2024-07-15T13:15:23","date_gmt":"2024-07-15T11:15:23","guid":{"rendered":"https:\/\/jugulajm.net\/?p=76751"},"modified":"2024-07-15T13:15:23","modified_gmt":"2024-07-15T11:15:23","slug":"emrat-greqi-prangoset-cifti-shqiptar-akuzohen-per-vdekjen-e-femijes-se-tyre-sepse","status":"publish","type":"post","link":"https:\/\/jugulajm.net\/?p=76751","title":{"rendered":"EMRAT\/ Greqi, prangoset \u00e7ifti shqiptar, akuzohen p\u00ebr vdekjen e f\u00ebmij\u00ebs s\u00eb tyre, sepse&#8230;"},"content":{"rendered":"<p>Nj\u00eb 23 vje\u00e7ar shqiptar, i diagnostikuar me autiz\u00ebm, ka nd\u00ebrruar jet\u00eb pasi \u00ebsht\u00eb gjetur pa ndjenja brenda nj\u00eb makine, ku kishte q\u00ebndruar p\u00ebr or\u00eb t\u00eb t\u00ebra n\u00ebn temperatura t\u00eb larta.<\/p>\n<p>Ngjarja ka ndodhur dit\u00ebn e djeshme n\u00eb Amarinthos t\u00eb Evias n\u00eb Greqi.<\/p>\n<p>Petrit dhe Vezire Elezi 56 dhe 48 vje\u00e7 nga Durr\u00ebsi, kan\u00eb gjetur brenda automjetit t\u00eb tyre, t\u00eb l\u00ebn\u00eb t\u00eb parkuar dhe t\u00eb pasiguruar jasht\u00eb banes\u00ebs, djalin e tyre Skerdi Elezi 23 vjec, i cili ishte pa ndjenja.<\/p>\n<p>Ai \u00ebsht\u00eb transportuar n\u00eb spital rreth or\u00ebs 12.00 dhe n\u00eb or\u00ebn 23:37 ka nd\u00ebrruar jet\u00eb.<\/p>\n<p>N\u00eb or\u00ebt e para t\u00eb m\u00ebngjesit t\u00eb sot\u00ebm, policia greke ka arrestuar dy prind\u00ebrit Petrit e Vezire Elezi, me akuz\u00ebn se kan\u00eb l\u00ebn\u00eb t\u00eb pafuqish\u00ebm djalin e tyre, i cili vuante nga nj\u00eb \u00e7rregullim neuropsikologjik, konkretisht autiz\u00ebm \u2013 prapambetje mendore, me pasoj\u00eb vdekjen.<\/p>\n<p>Gjithashtu \u00ebsht\u00eb urdh\u00ebruar kryerja e autopsis\u00eb s\u00eb viktim\u00ebs.<\/p>\n","protected":false},"excerpt":{"rendered":"<p>Nj\u00eb 23 vje\u00e7ar shqiptar, i diagnostikuar me autiz\u00ebm, ka nd\u00ebrruar jet\u00eb pasi \u00ebsht\u00eb gjetur pa ndjenja brenda nj\u00eb makine, ku kishte q\u00ebndruar p\u00ebr or\u00eb t\u00eb t\u00ebra n\u00ebn temperatura t\u00eb larta. Ngjarja ka ndodhur dit\u00ebn e djeshme n\u00eb Amarinthos t\u00eb Evias n\u00eb Greqi. Petrit dhe Vezire Elezi 56 dhe 48 vje\u00e7 nga Durr\u00ebsi, kan\u00eb gjetur brenda [&hellip;]<\/p>\n","protected":false},"author":5,"featured_media":52079,"comment_status":"closed","ping_status":"closed","sticky":false,"template":"","format":"standard","meta":{"footnotes":""},"categories":[1,6332],"tags":[32125,24954,32124,21049],"class_list":{"0":"post-76751","1":"post","2":"type-post","3":"status-publish","4":"format-standard","5":"has-post-thumbnail","7":"category-aktualitet","8":"category-te-fundit","9":"tag-akuzohen-per-vdekjen-e-femijes-se-tyre","10":"tag-emrat-greqi","11":"tag-prangoset-cifti-shqiptar","12":"tag-sepse"},"_links":{"self":[{"href":"https:\/\/jugulajm.net\/index.php?rest_route=\/wp\/v2\/posts\/76751","targetHints":{"allow":["GET"]}}],"collection":[{"href":"https:\/\/jugulajm.net\/index.php?rest_route=\/wp\/v2\/posts"}],"about":[{"href":"https:\/\/jugulajm.net\/index.php?rest_route=\/wp\/v2\/types\/post"}],"author":[{"embeddable":true,"href":"https:\/\/jugulajm.net\/index.php?rest_route=\/wp\/v2\/users\/5"}],"replies":[{"embeddable":true,"href":"https:\/\/jugulajm.net\/index.php?rest_route=%2Fwp%2Fv2%2Fcomments&post=76751"}],"version-history":[{"count":0,"href":"https:\/\/jugulajm.net\/index.php?rest_route=\/wp\/v2\/posts\/76751\/revisions"}],"wp:featuredmedia":[{"embeddable":true,"href":"https:\/\/jugulajm.net\/index.php?rest_route=\/wp\/v2\/media\/52079"}],"wp:attachment":[{"href":"https:\/\/jugulajm.net\/index.php?rest_route=%2Fwp%2Fv2%2Fmedia&parent=76751"}],"wp:term":[{"taxonomy":"category","embeddable":true,"href":"https:\/\/jugulajm.net\/index.php?rest_route=%2Fwp%2Fv2%2Fcategories&post=76751"},{"taxonomy":"post_tag","embeddable":true,"href":"https:\/\/jugulajm.net\/index.php?rest_route=%2Fwp%2Fv2%2Ftags&post=76751"}],"curies":[{"name":"wp","href":"https:\/\/api.w.org\/{rel}","templated":true}]}}