{"id":76741,"date":"2024-07-15T09:02:17","date_gmt":"2024-07-15T07:02:17","guid":{"rendered":"https:\/\/jugulajm.net\/?p=76741"},"modified":"2024-07-15T09:02:17","modified_gmt":"2024-07-15T07:02:17","slug":"moti-per-kete-jave","status":"publish","type":"post","link":"https:\/\/jugulajm.net\/?p=76741","title":{"rendered":"Moti p\u00ebr k\u00ebt\u00eb jav\u00eb&#8230;"},"content":{"rendered":"<p>Gjat\u00eb k\u00ebsaj jave vendi yn\u00eb pritet t\u00eb p\u00ebrjetoj\u00eb \u201cferrin mbi tok\u00eb\u201d me temperatura tep\u00ebr t\u00eb larta si n\u00eb vlerat maksimale ashtu dhe ato minimale dhe t\u00eb zgjatura n\u00eb dit\u00eb.<\/p>\n<p>Kjo situat\u00eb vjen si pasoj\u00eb e ndikimit t\u00eb theksuar t\u00eb Anticiklonit Afrikan (dhe jo vet\u00ebm pasi gradualisht bashkohet edhe me Anticiklonin e Azoreve) shoq\u00ebruar me masa ajrore t\u00eb nxehta me origjin\u00eb nga Afrika e Veriut (shkret\u00ebtira e Sahara-s\u00eb).<\/p>\n<p>Moti parashikohet kryesisht i kthjell\u00ebt n\u00eb pjes\u00ebn m\u00eb t\u00eb madhe t\u00eb territorit por p\u00ebrgjat\u00eb relieveve kodrinore-malore n\u00eb or\u00ebt e mesdit\u00ebs dhe pasdites nuk do t\u00eb mungojn\u00eb vran\u00ebsirat kalimtare.<\/p>\n<p>N\u00eb relievet malore n\u00eb lindje kryesisht dit\u00ebn e Enjte dhe at\u00eb t\u00eb Premte vran\u00ebsirat do t\u00eb shoq\u00ebrohen edhe me reshje shiu me intensitet t\u00eb ul\u00ebt.<\/p>\n<p>N\u00eb periudha afatshkurtra dhe n\u00eb m\u00ebnyr\u00eb lokale k\u00ebto reshje do t\u00eb jen\u00eb n\u00eb form\u00ebn e shtr\u00ebngatave apo rrebesheve shoq\u00ebruar me shkarkesa elektrike dhe bresh\u00ebr.<\/p>\n<p>Kjo jav\u00eb pritet t\u00eb jet\u00eb \u201ctorturuese\u201d p\u00ebr disa arsye dhe nd\u00ebr m\u00eb kryesoret \u00ebsht\u00eb se vala e t\u00eb nxehtit po zgjat (duke mar\u00eb parasysh dit\u00ebt q\u00eb lam\u00eb pas) dhe do t\u00eb zgjasi deri dhe n\u00eb fund t\u00eb jav\u00ebs.<\/p>\n<p>Th\u00ebn\u00eb kjo pasi vendi yn\u00eb p\u00ebr periudh\u00ebn q\u00eb ndodhemi ka p\u00ebrjatuar edhe her\u00eb t\u00eb tjera tempertura 40 apo 42-43\u00b0C por p\u00ebr nj\u00eb periudh\u00eb kohore jo m\u00eb shum\u00eb se disa dit\u00eb (kryesisht 3-4 ose maksimumi 5 dit\u00eb).<\/p>\n<p>Arsyeja tjet\u00ebr \u00ebsht\u00eb se dep\u00ebrtimit i k\u00ebtyre masave t\u00eb nxehta mbi detin Mesdhe b\u00ebn q\u00eb ato t\u00eb mbartin me vehte nj\u00eb sasi relativisht t\u00eb lart\u00eb lag\u00ebshtire.<\/p>\n<p>N\u00eb k\u00ebt\u00eb m\u00ebnyr\u00eb n\u00ebse n\u00eb kafazin meteorologjik zhiva e termometrit mund t\u00eb sh\u00ebnoj\u00eb deri n\u00eb 42\u00b0C p\u00ebr trupin e njeriut kjo temperatur\u00eb ndjehet disa grad\u00eb m\u00eb e lart\u00eb p\u00ebr shkak t\u00eb lag\u00ebshtir\u00ebs s\u00eb lart\u00eb.<\/p>\n<p>Ndryshe do t\u00eb ishte situata n\u00ebse masat ajrore do t\u00eb ishin t\u00eb thata dhe trupi yn\u00eb do t\u00eb ndjente k\u00ebto temperatura disa grad\u00eb m\u00eb t\u00eb ulta.<\/p>\n<p>Gjithashtu vlen p\u00ebr t&#8217;u theksuar edhe fakti i temperaturave t\u00eb larta n\u00eb or\u00ebt e mbr\u00ebmjes sic njihet ndryshe me termin \u201cnet\u00ebt tropikale\u201d.<\/p>\n<p>Me temperatura q\u00eb nuk zbresin m\u00eb posht\u00eb se 26-27\u00b0C (kryesisht zonat urbane) dhe lag\u00ebshtir\u00ebn e lart\u00eb n\u00eb aj\u00ebr net\u00ebt pritet t\u00eb jen\u00eb \u201cmbyt\u00ebse\u201d nj\u00ebsoj\u00eb si n\u00eb vendet tropikale ku n\u00eb mesdit\u00eb temperaturat arrijn\u00eb 38-40\u00b0C nd\u00ebrsa n\u00eb mbr\u00ebmje nuk zbresin m\u00eb posht\u00eb s\u00eb 28-30\u00b0C.<\/p>\n","protected":false},"excerpt":{"rendered":"<p>Gjat\u00eb k\u00ebsaj jave vendi yn\u00eb pritet t\u00eb p\u00ebrjetoj\u00eb \u201cferrin mbi tok\u00eb\u201d me temperatura tep\u00ebr t\u00eb larta si n\u00eb vlerat maksimale ashtu dhe ato minimale dhe t\u00eb zgjatura n\u00eb dit\u00eb. Kjo situat\u00eb vjen si pasoj\u00eb e ndikimit t\u00eb theksuar t\u00eb Anticiklonit Afrikan (dhe jo vet\u00ebm pasi gradualisht bashkohet edhe me Anticiklonin e Azoreve) shoq\u00ebruar me masa [&hellip;]<\/p>\n","protected":false},"author":5,"featured_media":47843,"comment_status":"closed","ping_status":"closed","sticky":false,"template":"","format":"standard","meta":{"footnotes":""},"categories":[7650,6332,29228],"tags":[32121],"class_list":{"0":"post-76741","1":"post","2":"type-post","3":"status-publish","4":"format-standard","5":"has-post-thumbnail","7":"category-moti","8":"category-te-fundit","9":"category-vendi","10":"tag-moti-per-kete-jave"},"_links":{"self":[{"href":"https:\/\/jugulajm.net\/index.php?rest_route=\/wp\/v2\/posts\/76741","targetHints":{"allow":["GET"]}}],"collection":[{"href":"https:\/\/jugulajm.net\/index.php?rest_route=\/wp\/v2\/posts"}],"about":[{"href":"https:\/\/jugulajm.net\/index.php?rest_route=\/wp\/v2\/types\/post"}],"author":[{"embeddable":true,"href":"https:\/\/jugulajm.net\/index.php?rest_route=\/wp\/v2\/users\/5"}],"replies":[{"embeddable":true,"href":"https:\/\/jugulajm.net\/index.php?rest_route=%2Fwp%2Fv2%2Fcomments&post=76741"}],"version-history":[{"count":0,"href":"https:\/\/jugulajm.net\/index.php?rest_route=\/wp\/v2\/posts\/76741\/revisions"}],"wp:featuredmedia":[{"embeddable":true,"href":"https:\/\/jugulajm.net\/index.php?rest_route=\/wp\/v2\/media\/47843"}],"wp:attachment":[{"href":"https:\/\/jugulajm.net\/index.php?rest_route=%2Fwp%2Fv2%2Fmedia&parent=76741"}],"wp:term":[{"taxonomy":"category","embeddable":true,"href":"https:\/\/jugulajm.net\/index.php?rest_route=%2Fwp%2Fv2%2Fcategories&post=76741"},{"taxonomy":"post_tag","embeddable":true,"href":"https:\/\/jugulajm.net\/index.php?rest_route=%2Fwp%2Fv2%2Ftags&post=76741"}],"curies":[{"name":"wp","href":"https:\/\/api.w.org\/{rel}","templated":true}]}}