{"id":76689,"date":"2024-07-13T21:24:07","date_gmt":"2024-07-13T19:24:07","guid":{"rendered":"https:\/\/jugulajm.net\/?p=76689"},"modified":"2024-07-13T21:24:07","modified_gmt":"2024-07-13T19:24:07","slug":"lajm-i-fundit-drejtoria-e-burgjeve-miraton-lejen-qe-beleri-te-betohet-si-eurodeputet","status":"publish","type":"post","link":"https:\/\/jugulajm.net\/?p=76689","title":{"rendered":"LAJM I FUNDIT\/ Drejtoria e Burgjeve miraton lejen q\u00eb Beleri t\u00eb betohet si eurodeputet"},"content":{"rendered":"<p>Fredi Beleri do t\u00eb betohet si eurodeputet n\u00eb Parlamentin Evropian, pasi Drejtoria e Burgjeve ka miratuar nj\u00eb k\u00ebrkes\u00eb t\u00eb tij\u00ebn p\u00ebr t\u00eb qen\u00eb i pranish\u00ebm fizikisht n\u00eb Strasbourg t\u00eb h\u00ebn\u00ebn e 15 korrikut.<\/p>\n<p>Leja e miratuar p\u00ebr Belerin \u00ebsht\u00eb pes\u00eb-ditore dhe ajo pritet t\u00eb nis\u00eb t\u00eb diel\u00ebn e 14 korrikut, n\u00eb or\u00ebn 10:00, prej ku Beleri mund t\u00eb udh\u00ebtoj\u00eb drejt Strasbourgut dhe t\u00eb marr\u00eb pjes\u00eb m\u00eb pas n\u00eb mbledhjen e par\u00eb t\u00eb Parlamentit t\u00eb ri Evropian.<\/p>\n","protected":false},"excerpt":{"rendered":"<p>Fredi Beleri do t\u00eb betohet si eurodeputet n\u00eb Parlamentin Evropian, pasi Drejtoria e Burgjeve ka miratuar nj\u00eb k\u00ebrkes\u00eb t\u00eb tij\u00ebn p\u00ebr t\u00eb qen\u00eb i pranish\u00ebm fizikisht n\u00eb Strasbourg t\u00eb h\u00ebn\u00ebn e 15 korrikut. Leja e miratuar p\u00ebr Belerin \u00ebsht\u00eb pes\u00eb-ditore dhe ajo pritet t\u00eb nis\u00eb t\u00eb diel\u00ebn e 14 korrikut, n\u00eb or\u00ebn 10:00, prej ku [&hellip;]<\/p>\n","protected":false},"author":5,"featured_media":76690,"comment_status":"closed","ping_status":"closed","sticky":false,"template":"","format":"standard","meta":{"footnotes":""},"categories":[1,6326,6332],"tags":[32102],"class_list":{"0":"post-76689","1":"post","2":"type-post","3":"status-publish","4":"format-standard","5":"has-post-thumbnail","7":"category-aktualitet","8":"category-politike","9":"category-te-fundit","10":"tag-lajm-i-fundit-drejtoria-e-burgjeve-miraton-lejen-qe-beleri-te-betohet-si-eurodeputet"},"_links":{"self":[{"href":"https:\/\/jugulajm.net\/index.php?rest_route=\/wp\/v2\/posts\/76689","targetHints":{"allow":["GET"]}}],"collection":[{"href":"https:\/\/jugulajm.net\/index.php?rest_route=\/wp\/v2\/posts"}],"about":[{"href":"https:\/\/jugulajm.net\/index.php?rest_route=\/wp\/v2\/types\/post"}],"author":[{"embeddable":true,"href":"https:\/\/jugulajm.net\/index.php?rest_route=\/wp\/v2\/users\/5"}],"replies":[{"embeddable":true,"href":"https:\/\/jugulajm.net\/index.php?rest_route=%2Fwp%2Fv2%2Fcomments&post=76689"}],"version-history":[{"count":0,"href":"https:\/\/jugulajm.net\/index.php?rest_route=\/wp\/v2\/posts\/76689\/revisions"}],"wp:featuredmedia":[{"embeddable":true,"href":"https:\/\/jugulajm.net\/index.php?rest_route=\/wp\/v2\/media\/76690"}],"wp:attachment":[{"href":"https:\/\/jugulajm.net\/index.php?rest_route=%2Fwp%2Fv2%2Fmedia&parent=76689"}],"wp:term":[{"taxonomy":"category","embeddable":true,"href":"https:\/\/jugulajm.net\/index.php?rest_route=%2Fwp%2Fv2%2Fcategories&post=76689"},{"taxonomy":"post_tag","embeddable":true,"href":"https:\/\/jugulajm.net\/index.php?rest_route=%2Fwp%2Fv2%2Ftags&post=76689"}],"curies":[{"name":"wp","href":"https:\/\/api.w.org\/{rel}","templated":true}]}}