{"id":76603,"date":"2024-07-10T19:03:20","date_gmt":"2024-07-10T17:03:20","guid":{"rendered":"https:\/\/jugulajm.net\/?p=76603"},"modified":"2024-07-10T19:04:22","modified_gmt":"2024-07-10T17:04:22","slug":"emrat-fotot-burg-perjete-per-32-vjecarin-vrau-dhe-groposi-16-vjecarin","status":"publish","type":"post","link":"https:\/\/jugulajm.net\/?p=76603","title":{"rendered":"EMRAT-FOTOT\/ Burg p\u00ebrjet\u00eb p\u00ebr 32-vje\u00e7arin, vrau dhe groposi 16-vje\u00e7arin"},"content":{"rendered":"<p>\u00cbsht\u00eb d\u00ebnuar me burgim t\u00eb p\u00ebrjetsh\u00ebm 32-vje\u00e7arin, Kristjan Cenaj, i cili vrau dhe groposi 16-vje\u00e7arin Mariglen Gjonaj n\u00eb Mamurras.<\/p>\n<p>Vendimi u dha nga Gjykata e Lezh\u00ebs, nd\u00ebrsa ky d\u00ebnim ishte k\u00ebrkuar dhe nga prokurori i \u00e7eshtjes, i cili arriti te provoj\u00eb p\u00ebrfshirjen e tij n\u00eb krimin makab\u00ebr.<\/p>\n<p>Prokuroria kishte k\u00ebrkuar edhe \u201caplikimin e periudh\u00ebs s\u00eb siguris\u00eb\u201d q\u00eb n\u00ebnkupton se \u201c edhe pasi t\u00eb b\u00ebnte 35 vite burg t\u00eb mos i jepej mund\u00ebsia p\u00ebr lirim me kusht\u201d, por kjo nuk u pranuar nga gjykata.<\/p>\n<p>Avokati i familjareve t\u00eb viktim\u00ebs Eduart Mullaraj u shpreh i k\u00ebnaqur me vendimin, po k\u00ebrkon zgjerim t\u00eb hetimeve, pasi n\u00eb k\u00ebt\u00eb krim jan\u00eb t\u00eb p\u00ebrfshir\u00eb dhe persona t\u00eb tjer\u00eb.<\/p>\n","protected":false},"excerpt":{"rendered":"<p>\u00cbsht\u00eb d\u00ebnuar me burgim t\u00eb p\u00ebrjetsh\u00ebm 32-vje\u00e7arin, Kristjan Cenaj, i cili vrau dhe groposi 16-vje\u00e7arin Mariglen Gjonaj n\u00eb Mamurras. Vendimi u dha nga Gjykata e Lezh\u00ebs, nd\u00ebrsa ky d\u00ebnim ishte k\u00ebrkuar dhe nga prokurori i \u00e7eshtjes, i cili arriti te provoj\u00eb p\u00ebrfshirjen e tij n\u00eb krimin makab\u00ebr. Prokuroria kishte k\u00ebrkuar edhe \u201caplikimin e periudh\u00ebs s\u00eb [&hellip;]<\/p>\n","protected":false},"author":5,"featured_media":76604,"comment_status":"closed","ping_status":"closed","sticky":false,"template":"","format":"standard","meta":{"footnotes":""},"categories":[1,6332,29228],"tags":[32053,32054],"class_list":{"0":"post-76603","1":"post","2":"type-post","3":"status-publish","4":"format-standard","5":"has-post-thumbnail","7":"category-aktualitet","8":"category-te-fundit","9":"category-vendi","10":"tag-emrat-fotot-burg-perjete-per-32-vjecarin","11":"tag-vrau-dhe-groposi-16-vjecarin"},"_links":{"self":[{"href":"https:\/\/jugulajm.net\/index.php?rest_route=\/wp\/v2\/posts\/76603","targetHints":{"allow":["GET"]}}],"collection":[{"href":"https:\/\/jugulajm.net\/index.php?rest_route=\/wp\/v2\/posts"}],"about":[{"href":"https:\/\/jugulajm.net\/index.php?rest_route=\/wp\/v2\/types\/post"}],"author":[{"embeddable":true,"href":"https:\/\/jugulajm.net\/index.php?rest_route=\/wp\/v2\/users\/5"}],"replies":[{"embeddable":true,"href":"https:\/\/jugulajm.net\/index.php?rest_route=%2Fwp%2Fv2%2Fcomments&post=76603"}],"version-history":[{"count":0,"href":"https:\/\/jugulajm.net\/index.php?rest_route=\/wp\/v2\/posts\/76603\/revisions"}],"wp:featuredmedia":[{"embeddable":true,"href":"https:\/\/jugulajm.net\/index.php?rest_route=\/wp\/v2\/media\/76604"}],"wp:attachment":[{"href":"https:\/\/jugulajm.net\/index.php?rest_route=%2Fwp%2Fv2%2Fmedia&parent=76603"}],"wp:term":[{"taxonomy":"category","embeddable":true,"href":"https:\/\/jugulajm.net\/index.php?rest_route=%2Fwp%2Fv2%2Fcategories&post=76603"},{"taxonomy":"post_tag","embeddable":true,"href":"https:\/\/jugulajm.net\/index.php?rest_route=%2Fwp%2Fv2%2Ftags&post=76603"}],"curies":[{"name":"wp","href":"https:\/\/api.w.org\/{rel}","templated":true}]}}