{"id":76591,"date":"2024-07-10T14:00:01","date_gmt":"2024-07-10T12:00:01","guid":{"rendered":"https:\/\/jugulajm.net\/?p=76591"},"modified":"2024-07-10T14:00:01","modified_gmt":"2024-07-10T12:00:01","slug":"lajm-i-fundit-video-humelice-zjarr-i-qellimshem-ne-parcelen-me-grure","status":"publish","type":"post","link":"https:\/\/jugulajm.net\/?p=76591","title":{"rendered":"LAJM I FUNDIT! (VIDEO) Humelic\u00eb, zjarr i q\u00ebllimsh\u00ebm n\u00eb parcel\u00ebn me grur\u00eb"},"content":{"rendered":"<p>Zjarr i madh ne fshatin Humelic\u00eb, Bashkia Gjirokaster. Nje zjarr i vene qellimisht ne nje parcele te mbjelle me grur\u00eb ka marre flake, duke u shkrumbuar i gjithe prodhimi i pakorrur.<\/p>\n<p>Ne vendngjarje kane shkuar forcat zjarrefikese me ne krye komandant, Gramoz Llapi, ku u arrrit te krijohej perimeteri mbrojtes, qe zjarri mos te avanconte ne drejtimin lindor, ku gjendet parcela e mbjelle me drure frutore dhe arrore.<\/p>\n<p>Brenda nje kohe te shkurter zjarrfikesit kane vene nen kontroll situaten, duke larguar rrezikun.<\/p>\n<p>Nderkaq policia eshte vene ne ndjekje te zjarrevenesit.<\/p>\n","protected":false},"excerpt":{"rendered":"<p>Zjarr i madh ne fshatin Humelic\u00eb, Bashkia Gjirokaster. Nje zjarr i vene qellimisht ne nje parcele te mbjelle me grur\u00eb ka marre flake, duke u shkrumbuar i gjithe prodhimi i pakorrur. Ne vendngjarje kane shkuar forcat zjarrefikese me ne krye komandant, Gramoz Llapi, ku u arrrit te krijohej perimeteri mbrojtes, qe zjarri mos te avanconte [&hellip;]<\/p>\n","protected":false},"author":5,"featured_media":76592,"comment_status":"closed","ping_status":"closed","sticky":false,"template":"","format":"video","meta":{"footnotes":""},"categories":[1,6332,29228,26832],"tags":[32047,32048],"class_list":{"0":"post-76591","1":"post","2":"type-post","3":"status-publish","4":"format-video","5":"has-post-thumbnail","7":"category-aktualitet","8":"category-te-fundit","9":"category-vendi","10":"category-video","11":"tag-lajm-i-fundit-video-humelice","12":"tag-zjarr-i-qellimshem-ne-parcelen-me-grure","13":"post_format-post-format-video"},"_links":{"self":[{"href":"https:\/\/jugulajm.net\/index.php?rest_route=\/wp\/v2\/posts\/76591","targetHints":{"allow":["GET"]}}],"collection":[{"href":"https:\/\/jugulajm.net\/index.php?rest_route=\/wp\/v2\/posts"}],"about":[{"href":"https:\/\/jugulajm.net\/index.php?rest_route=\/wp\/v2\/types\/post"}],"author":[{"embeddable":true,"href":"https:\/\/jugulajm.net\/index.php?rest_route=\/wp\/v2\/users\/5"}],"replies":[{"embeddable":true,"href":"https:\/\/jugulajm.net\/index.php?rest_route=%2Fwp%2Fv2%2Fcomments&post=76591"}],"version-history":[{"count":0,"href":"https:\/\/jugulajm.net\/index.php?rest_route=\/wp\/v2\/posts\/76591\/revisions"}],"wp:featuredmedia":[{"embeddable":true,"href":"https:\/\/jugulajm.net\/index.php?rest_route=\/wp\/v2\/media\/76592"}],"wp:attachment":[{"href":"https:\/\/jugulajm.net\/index.php?rest_route=%2Fwp%2Fv2%2Fmedia&parent=76591"}],"wp:term":[{"taxonomy":"category","embeddable":true,"href":"https:\/\/jugulajm.net\/index.php?rest_route=%2Fwp%2Fv2%2Fcategories&post=76591"},{"taxonomy":"post_tag","embeddable":true,"href":"https:\/\/jugulajm.net\/index.php?rest_route=%2Fwp%2Fv2%2Ftags&post=76591"}],"curies":[{"name":"wp","href":"https:\/\/api.w.org\/{rel}","templated":true}]}}