{"id":76500,"date":"2024-07-07T20:25:36","date_gmt":"2024-07-07T18:25:36","guid":{"rendered":"https:\/\/jugulajm.net\/?p=76500"},"modified":"2024-07-07T20:25:36","modified_gmt":"2024-07-07T18:25:36","slug":"vrasja-ne-fier-flet-avokati-i-autorit-eshte-penduar-viktima-e-ka-keqtrajtuar","status":"publish","type":"post","link":"https:\/\/jugulajm.net\/?p=76500","title":{"rendered":"Vrasja n\u00eb Fier, flet avokati i autorit: \u00cbsht\u00eb penduar, viktima e ka keqtrajtuar&#8230;"},"content":{"rendered":"<p>Dit\u00ebn e sotme ka dal\u00eb para gjykat\u00ebs s\u00eb shkall\u00ebs s\u00eb par\u00eb t\u00eb rrethit gjyq\u00ebsor Fier, 39-vjecari Xhuliano Miho.<\/p>\n<p>Miho u paraqit n\u00eb ambientet e gjykat\u00ebs n\u00ebn masa t\u00eb rrepta sigurie, nd\u00ebrsa Gjykata mori vendimin p\u00ebr ta l\u00ebn\u00eb at\u00eb n\u00eb burg pa afat.<\/p>\n<p>Miho vrau me thik\u00eb 24-vjecarin, Xhimi Baka, pas nj\u00eb konflikti p\u00ebr motive t\u00eb dob\u00ebta.<\/p>\n<p>Miho q\u00eblloi p\u00ebr vdekje tre her\u00eb me thik\u00eb 24-vje\u00e7arin, i cili nuk mundi t\u2019u mbijetoj\u00eb plag\u00ebve t\u00eb marra edhe pas nd\u00ebrhyrjes kirurgjikale.<\/p>\n<p>Nd\u00ebrkoh\u00eb avokati i autorit, Niko Bega foli p\u00ebr mediat pas seanc\u00ebs s\u00eb sotme, ku u shpreh se klienti i tij Xhuliano Miho, \u00ebsht\u00eb keqtrajtuar disa her\u00eb m\u00eb par\u00eb nga viktima, nd\u00ebrsa m\u00eb pas thik\u00ebn e ka pasur 24-vje\u00e7ari dhe jo autori.<\/p>\n<p>Sipas avokatit Miho i ka marr\u00eb thik\u00ebn Bakas dhe e ka q\u00eblluar p\u00ebr vdekje.<\/p>\n<p><em>\u201cNormal q\u00eb \u00ebsht\u00eb penduar p\u00ebr at\u00eb q\u00eb ka b\u00ebr\u00eb. Pavar\u00ebsisht kall\u00ebzimeve q\u00eb ka b\u00ebr\u00eb i arrestuari n\u00eb Komisiariat 3-4 her\u00eb p\u00ebr keqtrajtimet q\u00eb i ka b\u00ebr\u00eb viktima dhe z\u00ebnkave t\u00eb p\u00ebrditshme dhe kanosjeve. Masa e sigurimit u la me arrest n\u00eb burg pa afat. I pandehuri pretendon q\u00eb kur ka vajtur tek vendi i ngjarjes, ka takuar f\u00ebmij\u00ebt dhe u ka bler\u00eb patatina dhe rroba p\u00ebr t\u00eb veshur. Nd\u00ebrkoh\u00eb ka vajtur viktima jan\u00eb z\u00ebn\u00eb me grushta me nj\u00ebri -tjetrin. I arrestuari pretendon se ka marri ai thik\u00ebn, e ka pasur viktima thik\u00ebn e ka q\u00eblluar pasi dhe vet\u00eb i arrestuari ka pasur shenja n\u00eb qaf\u00eb dhe n\u00eb kok\u00eb. Patjet\u00ebr q\u00eb \u00ebsht\u00eb penduar. Po ka nj\u00eb viktim\u00eb aty,\u201d<\/em>\u00a0u shpreh avokati.<\/p>\n<p>Ngjarja e r\u00ebnd\u00eb ndodhi tre dit\u00eb m\u00eb par\u00eb n\u00eb rrug\u00ebn \u201c Ramiz Aranitasi\u201d, ku pas nj\u00eb konflikti p\u00ebr motive t\u00eb dob\u00ebta, Miho q\u00eblloi p\u00ebr vdekje tre her\u00eb me thik\u00eb 24-vje\u00e7arin, i cili nuk mundi t\u2019u mbijetoj\u00eb plag\u00ebve t\u00eb marra edhe pas nd\u00ebrhyrjes kirurgjikale.<\/p>\n<p>Gjat\u00eb d\u00ebshmis\u00eb n\u00eb Polici, 39-vje\u00e7ari, \u00ebsht\u00eb shprehur se bi\u00e7aku ka qen\u00eb i viktim\u00ebs dhe ai thjesht \u00ebsht\u00eb mbrojtur gjat\u00eb p\u00ebrplasjes fizike mes tyre.<\/p>\n<p>Shkak p\u00ebr vrasjen e t\u00eb riut dyshohet se \u00ebsht\u00eb b\u00ebr\u00eb divorci mes autorit dhe bashk\u00ebshortes me t\u00eb cil\u00ebn ka dy f\u00ebmij\u00eb.<\/p>\n<p>M\u00ebsohet se gruaja kishte disa muaj q\u00eb ishte larguar nga banesa dhe bashk\u00ebjetonte me 23-vje\u00e7arin.<\/p>\n<p>Nd\u00ebrkoh\u00eb autori e ka takuar n\u00eb rrug\u00eb viktim\u00ebn dhe pas nj\u00eb debati e ka q\u00eblluar tri her\u00eb me thik\u00eb.<\/p>\n","protected":false},"excerpt":{"rendered":"<p>Dit\u00ebn e sotme ka dal\u00eb para gjykat\u00ebs s\u00eb shkall\u00ebs s\u00eb par\u00eb t\u00eb rrethit gjyq\u00ebsor Fier, 39-vjecari Xhuliano Miho. Miho u paraqit n\u00eb ambientet e gjykat\u00ebs n\u00ebn masa t\u00eb rrepta sigurie, nd\u00ebrsa Gjykata mori vendimin p\u00ebr ta l\u00ebn\u00eb at\u00eb n\u00eb burg pa afat. Miho vrau me thik\u00eb 24-vjecarin, Xhimi Baka, pas nj\u00eb konflikti p\u00ebr motive t\u00eb [&hellip;]<\/p>\n","protected":false},"author":5,"featured_media":76501,"comment_status":"closed","ping_status":"closed","sticky":false,"template":"","format":"standard","meta":{"footnotes":""},"categories":[1,6332,29228],"tags":[32005,32006,28157],"class_list":{"0":"post-76500","1":"post","2":"type-post","3":"status-publish","4":"format-standard","5":"has-post-thumbnail","7":"category-aktualitet","8":"category-te-fundit","9":"category-vendi","10":"tag-flet-avokati-i-autorit-eshte-penduar","11":"tag-viktima-e-ka-keqtrajtuar","12":"tag-vrasja-ne-fier"},"_links":{"self":[{"href":"https:\/\/jugulajm.net\/index.php?rest_route=\/wp\/v2\/posts\/76500","targetHints":{"allow":["GET"]}}],"collection":[{"href":"https:\/\/jugulajm.net\/index.php?rest_route=\/wp\/v2\/posts"}],"about":[{"href":"https:\/\/jugulajm.net\/index.php?rest_route=\/wp\/v2\/types\/post"}],"author":[{"embeddable":true,"href":"https:\/\/jugulajm.net\/index.php?rest_route=\/wp\/v2\/users\/5"}],"replies":[{"embeddable":true,"href":"https:\/\/jugulajm.net\/index.php?rest_route=%2Fwp%2Fv2%2Fcomments&post=76500"}],"version-history":[{"count":0,"href":"https:\/\/jugulajm.net\/index.php?rest_route=\/wp\/v2\/posts\/76500\/revisions"}],"wp:featuredmedia":[{"embeddable":true,"href":"https:\/\/jugulajm.net\/index.php?rest_route=\/wp\/v2\/media\/76501"}],"wp:attachment":[{"href":"https:\/\/jugulajm.net\/index.php?rest_route=%2Fwp%2Fv2%2Fmedia&parent=76500"}],"wp:term":[{"taxonomy":"category","embeddable":true,"href":"https:\/\/jugulajm.net\/index.php?rest_route=%2Fwp%2Fv2%2Fcategories&post=76500"},{"taxonomy":"post_tag","embeddable":true,"href":"https:\/\/jugulajm.net\/index.php?rest_route=%2Fwp%2Fv2%2Ftags&post=76500"}],"curies":[{"name":"wp","href":"https:\/\/api.w.org\/{rel}","templated":true}]}}