{"id":76421,"date":"2024-07-05T12:45:40","date_gmt":"2024-07-05T10:45:40","guid":{"rendered":"https:\/\/jugulajm.net\/?p=76421"},"modified":"2024-07-05T12:45:40","modified_gmt":"2024-07-05T10:45:40","slug":"belerit-kqz-i-hoqi-mandatin-flet-dule-proces-politik-nga-rrembyesi-edi-rama","status":"publish","type":"post","link":"https:\/\/jugulajm.net\/?p=76421","title":{"rendered":"Belerit KQZ i hoqi mandatin, flet Dule: Proces politik nga rr\u00ebmbyesi Edi Rama"},"content":{"rendered":"<p>Kreu i PBDNJ-s\u00eb, Vangjel Dule ka akuzuar drejtp\u00ebrdrejt Edi Ram\u00ebn, p\u00ebr vendimin ndaj Fredi Belerit, t\u00eb cilit KQZ i hoqi mandatin.<\/p>\n<p>Deklarata e Dules u b\u00ebn\u00eb teksa komentoi vendimin e KQZ.<\/p>\n<p><em>&#8220;Jemi p\u00ebrpjekur t\u00eb evidentojm\u00eb shkeljet e Konvent\u00ebs Europiane.<\/em><\/p>\n<p><em>Fatkeq\u00ebsisht p\u00ebr k\u00ebto shkelje autori e frym\u00ebzuesi i k\u00ebtij procesi politik t\u00eb rr\u00ebmbimit t\u00eb bashkis\u00eb s\u00eb Himar\u00ebs p\u00ebr t\u00eb vijuar procesin e tjet\u00ebrsimit t\u00eb pron\u00ebs n\u00eb favor t\u00eb klientel\u00ebs s\u00eb tij, Rama p\u00ebrdori institucione q\u00eb s\u2019duhet t\u00eb kishin r\u00ebn\u00eb re e k\u00ebtyre q\u00ebllimeve.<\/em><\/p>\n<p><em>P\u00ebrdori segmente t\u00eb Policis\u00eb s\u00eb Shtetit,.<\/em><\/p>\n<p><em>M\u00eb lejoni t\u2019ju p\u00ebrmend shkeljen e disa t\u00eb drejtave themelore, nuk iu dha e drejta t\u00eb zgjedh\u00eb m\u00eb 14 maj, nuk iu dha e drejta e vot\u00ebs.<\/em><\/p>\n<p><em>Nuk u p\u00ebrmbush e drejta edhe p\u00ebr pengimin e betimit t\u00eb tij. U shkel prezumimi i pafaj\u00ebsis\u00eb.<\/em><\/p>\n<p><em>U shkel e drejta e komunitetit himarjot p\u00ebr t\u00eb zgjedhur. Flasim p\u00ebr situata dhe shkelje q\u00eb duhet t\u00eb v\u00ebm\u00eb alarmin p\u00ebr \u00e7do situat\u00eb, p\u00ebr at\u00eb q\u00eb ndodh, n\u00eb procesin e zgjedhjeve, me vot\u00ebn e lir\u00eb dhe shtetin e s\u00eb drejt\u00ebs.<\/em><\/p>\n<p><em>Ajo q\u00eb ndodhi me Fredi Belerin dhe Himar\u00ebn \u00ebsht\u00eb jetike q\u00eb mos t\u00eb ndodh\u00eb me Tiran\u00ebn dhe Kuk\u00ebsin, apo Dropullin. Po ju them a doz\u00ebn m\u00eb t\u00eb vog\u00ebl t\u00eb ekzagjerimit. Po ju b\u00ebj nj\u00eb thirrje, n\u00ebse e konsiderojm\u00eb mision p\u00ebr vendin ton\u00eb, q\u00eb t\u00eb realizojm\u00eb zgjedhje t\u00eb lira dhe t\u00eb ndershme, do ju ftoja q\u00eb t\u00eb shikoni k\u00ebt\u00eb proces.<\/em><\/p>\n<p><em>Ju them me siguri se cilindo nga qytetar\u00ebt e regjistruar si zgjedh\u00ebs n\u00eb bashkin\u00eb e Himar\u00ebs, k\u00ebdo q\u00eb t\u00eb zgjedh\u00eb koalicioni jon\u00eb, do t\u00eb jet\u00eb fitues ndaj Ram\u00ebs. Kemi dy gj\u00ebra t\u00eb sakta; kund\u00ebr grabitjes s\u00eb pron\u00ebs. Nuk ka socialist\u00eb dhe qytetar\u00eb t\u00eb ndersh\u00ebm q\u00eb t\u00eb mb\u00ebshtesin Ram\u00ebn\u2019, t<\/em>ha Vangjel Dule gjat\u00eb deklarat\u00ebs s\u00eb tij.<\/p>\n","protected":false},"excerpt":{"rendered":"<p>Kreu i PBDNJ-s\u00eb, Vangjel Dule ka akuzuar drejtp\u00ebrdrejt Edi Ram\u00ebn, p\u00ebr vendimin ndaj Fredi Belerit, t\u00eb cilit KQZ i hoqi mandatin. Deklarata e Dules u b\u00ebn\u00eb teksa komentoi vendimin e KQZ. &#8220;Jemi p\u00ebrpjekur t\u00eb evidentojm\u00eb shkeljet e Konvent\u00ebs Europiane. Fatkeq\u00ebsisht p\u00ebr k\u00ebto shkelje autori e frym\u00ebzuesi i k\u00ebtij procesi politik t\u00eb rr\u00ebmbimit t\u00eb bashkis\u00eb s\u00eb [&hellip;]<\/p>\n","protected":false},"author":5,"featured_media":76422,"comment_status":"closed","ping_status":"closed","sticky":false,"template":"","format":"standard","meta":{"footnotes":""},"categories":[1,6326,6332,29228],"tags":[31961,31962],"class_list":{"0":"post-76421","1":"post","2":"type-post","3":"status-publish","4":"format-standard","5":"has-post-thumbnail","7":"category-aktualitet","8":"category-politike","9":"category-te-fundit","10":"category-vendi","11":"tag-belerit-kqz-i-hoqi-mandatin","12":"tag-flet-dule-proces-politik-nga-rrembyesi-edi-rama"},"_links":{"self":[{"href":"https:\/\/jugulajm.net\/index.php?rest_route=\/wp\/v2\/posts\/76421","targetHints":{"allow":["GET"]}}],"collection":[{"href":"https:\/\/jugulajm.net\/index.php?rest_route=\/wp\/v2\/posts"}],"about":[{"href":"https:\/\/jugulajm.net\/index.php?rest_route=\/wp\/v2\/types\/post"}],"author":[{"embeddable":true,"href":"https:\/\/jugulajm.net\/index.php?rest_route=\/wp\/v2\/users\/5"}],"replies":[{"embeddable":true,"href":"https:\/\/jugulajm.net\/index.php?rest_route=%2Fwp%2Fv2%2Fcomments&post=76421"}],"version-history":[{"count":0,"href":"https:\/\/jugulajm.net\/index.php?rest_route=\/wp\/v2\/posts\/76421\/revisions"}],"wp:featuredmedia":[{"embeddable":true,"href":"https:\/\/jugulajm.net\/index.php?rest_route=\/wp\/v2\/media\/76422"}],"wp:attachment":[{"href":"https:\/\/jugulajm.net\/index.php?rest_route=%2Fwp%2Fv2%2Fmedia&parent=76421"}],"wp:term":[{"taxonomy":"category","embeddable":true,"href":"https:\/\/jugulajm.net\/index.php?rest_route=%2Fwp%2Fv2%2Fcategories&post=76421"},{"taxonomy":"post_tag","embeddable":true,"href":"https:\/\/jugulajm.net\/index.php?rest_route=%2Fwp%2Fv2%2Ftags&post=76421"}],"curies":[{"name":"wp","href":"https:\/\/api.w.org\/{rel}","templated":true}]}}