{"id":76402,"date":"2024-07-04T18:05:29","date_gmt":"2024-07-04T16:05:29","guid":{"rendered":"https:\/\/jugulajm.net\/?p=76402"},"modified":"2024-07-04T18:05:29","modified_gmt":"2024-07-04T16:05:29","slug":"paralajmeron-gazetari-pas-beqajt-gati-arrestimi-i-nje-ish-ministre-je","status":"publish","type":"post","link":"https:\/\/jugulajm.net\/?p=76402","title":{"rendered":"Paralajm\u00ebron gazetari: Pas Beqajt, gati arrestimi i nj\u00eb ish-ministre-je"},"content":{"rendered":"<p>Gazetari Denis Dyrnjaja duke folur n\u00eb nj\u00eb studio televizive, u shpreh q\u00eb arrestimi i ish-ministrit t\u00eb Sh\u00ebndet\u00ebsis\u00eb Ilir Beqaj, \u00ebsht\u00eb nj\u00eb lloj mesazhi p\u00ebr BE-n\u00eb q\u00eb drejt\u00ebsia po vepron.<\/p>\n<p>Sipas tij, arrestimi me pranga n\u00eb duar \u00ebsht\u00eb nj\u00eb lloj show. Dyrnjaja v\u00eb n\u00eb dukje se tashm\u00eb radh\u00ebn e ka Krifca, duke ndjekur logjik\u00ebn e ngjarjeve.<\/p>\n<p>\u201c<em>Duhet t\u00eb jet\u00eb nj\u00eb lloj presioni edhe m\u00eb i madh p\u00ebr shkak se fondet e BE n\u00eb raport me qeverin\u00eb shqiptare jan\u00eb t\u00eb r\u00ebnd\u00ebsishme edhe p\u00ebr shkak t\u00eb procesve q\u00eb na lidhin me integrimin dhe do t\u00eb duhet t\u00eb kishte nj\u00eb reagim. E lidh k\u00ebt\u00eb edhe me faktin q\u00eb ngrit nj\u00eb komision i posa\u00e7\u00ebm tanim\u00eb nga mazhoranca, ende pa pranin\u00eb e opozit\u00ebs, q\u00eb buroi p\u00ebrmes nj\u00eb rezolute nga Parlamenti, q\u00eb lidhet me t\u00eb gjitha rezultatet e 27 institucioneve t\u00eb pavarura q\u00eb duhet t\u00eb krijojn\u00eb nj\u00eb lloj produkti mbi proceset e integrimit, edhe SPAK-u \u00ebsht\u00eb brenda k\u00ebsaj liste.<\/em><\/p>\n<div class=\"insertion-box\">\n<div class=\"\">\n<div id=\"t6686c643198ce\" data-p=\"100\">\n<div id=\"MDA39196\" class=\"\" data-adid=\"mdapamfleti22555\" data-netid=\"137356148\" data-sizes=\"300x250\" data-google-query-id=\"COnvj-vgjYcDFVFqHgIdJCMIdQ\">\n<div id=\"google_ads_iframe_\/137356148\/mdapamfleti22555_0__container__\"><em>A ishte e nevojshme nj\u00eb mas\u00eb sigurie me burg p\u00ebr Beqajn, q\u00eb ishte nd\u00ebrkoh\u00eb n\u00ebn hetim 1 vit m\u00eb para?! N\u00eb mas\u00eb sigurie me burg shkojn\u00eb njer\u00ebz q\u00eb ose kan\u00eb mund\u00ebsi t\u00eb prishin provat, ose me rrezikshm\u00ebri t\u00eb madhe shoq\u00ebrore. Kjo e dyta bie. E kan\u00eb marr\u00eb nj\u00eb mas\u00eb t\u00eb till\u00eb me justifikimin e mos prishjes s\u00eb provave, po nd\u00ebrkoh\u00eb Beqaj ka pasur goxha koh\u00eb p\u00ebr t\u2019i prishur provat n\u00ebse do t\u2019i prishte. Besoj se \u00ebsht\u00eb nj\u00eb sho\u00eb e prangosjes n\u00eb publik. Ju jem nj\u00eb mesazh edhe publikut q\u00eb ja po arrestohen njer\u00ebzit.<\/em><\/div>\n<\/div>\n<\/div>\n<\/div>\n<\/div>\n<p><em>Arrestimi i sot\u00ebm i Beqajt \u00ebsht\u00eb nj\u00eb mesazh p\u00ebr BE q\u00eb drejt\u00ebsia po vepron n\u00eb raport me k\u00ebrkesat e saj. Kam iden\u00eb q\u00eb do jet\u00eb radha e Frida Krfic\u00ebs, n\u00ebse shkojm\u00eb n\u00eb k\u00ebt\u00eb linj\u00eb. Besoj se do jet\u00eb nj\u00eb problem i madh i raporteve t\u00eb saj me drejt\u00ebsin\u00eb. Besoj se do ket\u00eb veprime t\u00eb shpejta edhe me znj.Krifca, jo se kam informacion, por n\u00ebse do t\u2019i shkojm\u00eb logjik\u00ebs q\u00eb veprimet e SPAK lidhen me reagimet n\u00eb Bruksel p\u00ebr abuzimet me fondet<\/em>\u201d, tha ai.<\/p>\n<p>Sipas Dyrnjas\u00eb drejt\u00ebsia po vepron me gjith\u00eb gjykimet dhe paragjykimet. Ai v\u00eb n\u00eb dukje se shoq\u00ebria shqiptare \u00ebsht\u00eb n\u00eb dekadenc\u00eb totale sa i takon mend\u00ebsin\u00eb korruptive.<\/p>\n<p>\u201c<em>M\u00eb habit fakti q\u00eb n\u00eb kontrollet q\u00eb ka b\u00ebr\u00eb BKH, jan\u00eb gjetur nj\u00eb pjes\u00eb e fondeve Cash, dhe t\u00eb dh\u00ebna t\u00eb tjera kompromentuese. Shoh ose nj\u00eb lloj pap\u00ebrgjegjshm\u00ebrie personale, nj\u00eb lloj naiviteti, pa kuptim. Po vepron drejt\u00ebsia me gjith\u00eb gjykimet, me gjith\u00eb paragjykimet. K\u00ebto gj\u00ebra s\u2019kan\u00eb ndodhur m\u00eb par\u00eb, dhe ky \u00ebsht\u00eb rezultati i reform\u00ebs n\u00eb drejt\u00ebsi. N\u00eb 30 vite kan\u00eb ndodhur thagma nga m\u00eb t\u00eb llahtarshmet dhe s\u2019\u00ebsht\u00eb d\u00ebnuar njeri, dhe prandaj kemi arritur n\u00eb k\u00ebto p\u00ebrmasa galoponte. Ne duhet t\u00eb krijojm\u00eb nj\u00eb lloj p\u00ebrgjegj\u00ebsie te Brukseli, q\u00eb v\u00ebrtet ka ndodhur abuzimi me fondet, por ka nj\u00eb reagim<\/em>\u201d, shtoi ai.<\/p>\n<p>Sipas tij, Rama do l\u00ebshoj\u00eb \u00e7dok\u00ebnd, n\u00ebse do merremi me variantin l\u00ebshoi, apo mbajti. \u201c<em>Ai thot\u00eb q\u00eb kjo \u00ebsht\u00eb nj\u00eb legjend\u00eb e ngritur, q\u00eb t\u00eb mban apo t\u00eb l\u00ebshon. Rama ka th\u00ebn\u00eb q\u00eb s\u2019kam pun\u00eb me ask\u00ebnd p\u00ebrve\u00e7 Zahos. N\u00ebse akoma s\u2019e kan\u00eb kuptuar brenda oborrit t\u00eb PS, q\u00eb s\u2019ka p\u00ebr t\u2019i mbrojtur Rama n\u00eb raport me drejt\u00ebsin\u00eb\u2026Rama ua ka b\u00ebr\u00eb t\u00eb qart\u00eb, un\u00eb t\u00eb em\u00ebroj, t\u00eb jap p\u00ebrgjegj\u00ebsi, por s\u2019t\u00eb mbroj. U kape me dopio gjasht\u00ebn n\u00eb dor\u00eb, mbaje dopio gjasht\u00ebn n\u00eb dor\u00eb. Kjo \u00ebsht\u00eb alibia m\u00eb e fort\u00eb q\u00eb ai ka, un\u00eb e b\u00ebra k\u00ebt\u00eb reform\u00eb n\u00eb drejt\u00ebsi, duke ditur edhe pasojat brenda oborrit tim politik. Shoq\u00ebria shqiptare ka degraduar dhe \u00ebsht\u00eb n\u00eb nj\u00eb dekadenc\u00eb totale si mend\u00ebsi korruptive<\/em>\u201d, shtoi ai.<\/p>\n","protected":false},"excerpt":{"rendered":"<p>Gazetari Denis Dyrnjaja duke folur n\u00eb nj\u00eb studio televizive, u shpreh q\u00eb arrestimi i ish-ministrit t\u00eb Sh\u00ebndet\u00ebsis\u00eb Ilir Beqaj, \u00ebsht\u00eb nj\u00eb lloj mesazhi p\u00ebr BE-n\u00eb q\u00eb drejt\u00ebsia po vepron. Sipas tij, arrestimi me pranga n\u00eb duar \u00ebsht\u00eb nj\u00eb lloj show. Dyrnjaja v\u00eb n\u00eb dukje se tashm\u00eb radh\u00ebn e ka Krifca, duke ndjekur logjik\u00ebn e ngjarjeve. [&hellip;]<\/p>\n","protected":false},"author":5,"featured_media":76403,"comment_status":"closed","ping_status":"closed","sticky":false,"template":"","format":"standard","meta":{"footnotes":""},"categories":[1,6326,6332],"tags":[31953,31952],"class_list":{"0":"post-76402","1":"post","2":"type-post","3":"status-publish","4":"format-standard","5":"has-post-thumbnail","7":"category-aktualitet","8":"category-politike","9":"category-te-fundit","10":"tag-gati-arrestimi-i-nje-ish-ministre-je","11":"tag-paralajmeron-gazetari-pas-beqajt"},"_links":{"self":[{"href":"https:\/\/jugulajm.net\/index.php?rest_route=\/wp\/v2\/posts\/76402","targetHints":{"allow":["GET"]}}],"collection":[{"href":"https:\/\/jugulajm.net\/index.php?rest_route=\/wp\/v2\/posts"}],"about":[{"href":"https:\/\/jugulajm.net\/index.php?rest_route=\/wp\/v2\/types\/post"}],"author":[{"embeddable":true,"href":"https:\/\/jugulajm.net\/index.php?rest_route=\/wp\/v2\/users\/5"}],"replies":[{"embeddable":true,"href":"https:\/\/jugulajm.net\/index.php?rest_route=%2Fwp%2Fv2%2Fcomments&post=76402"}],"version-history":[{"count":0,"href":"https:\/\/jugulajm.net\/index.php?rest_route=\/wp\/v2\/posts\/76402\/revisions"}],"wp:featuredmedia":[{"embeddable":true,"href":"https:\/\/jugulajm.net\/index.php?rest_route=\/wp\/v2\/media\/76403"}],"wp:attachment":[{"href":"https:\/\/jugulajm.net\/index.php?rest_route=%2Fwp%2Fv2%2Fmedia&parent=76402"}],"wp:term":[{"taxonomy":"category","embeddable":true,"href":"https:\/\/jugulajm.net\/index.php?rest_route=%2Fwp%2Fv2%2Fcategories&post=76402"},{"taxonomy":"post_tag","embeddable":true,"href":"https:\/\/jugulajm.net\/index.php?rest_route=%2Fwp%2Fv2%2Ftags&post=76402"}],"curies":[{"name":"wp","href":"https:\/\/api.w.org\/{rel}","templated":true}]}}