{"id":76371,"date":"2024-07-03T17:51:33","date_gmt":"2024-07-03T15:51:33","guid":{"rendered":"https:\/\/jugulajm.net\/?p=76371"},"modified":"2024-07-03T17:51:33","modified_gmt":"2024-07-03T15:51:33","slug":"itali-prangoset-32-vjecari-shqiptar-qelloi-me-thike-2-italiane","status":"publish","type":"post","link":"https:\/\/jugulajm.net\/?p=76371","title":{"rendered":"Itali, prangoset 32-vje\u00e7ari shqiptar, q\u00eblloi me thik\u00eb 2 italian\u00eb"},"content":{"rendered":"<p>Mbr\u00ebmjen e s\u00eb mart\u00ebs n\u00eb Veneto, nj\u00eb 32-vje\u00e7ar shqiptar, banues n\u00eb Lazio, u arrestua nga policia e Bolzanos. 32-vje\u00e7ari, i cili \u00ebsht\u00eb d\u00ebnuar disa her\u00eb, \u00ebsht\u00eb fshehur me miqt\u00eb e tij pas nj\u00eb arratisjeje t\u00eb gjat\u00eb n\u00ebp\u00ebr Itali.<\/p>\n<p>Urdhri i arrestit \u00ebsht\u00eb n\u00eb lidhje me trazirat e s\u00eb h\u00ebn\u00ebs s\u00eb kaluar, m\u00eb 24 qershor, pas ndeshjeve t\u00eb Kampionatit Evropian midis Italis\u00eb dhe Kroacis\u00eb dhe Shqip\u00ebris\u00eb e Spanj\u00ebs.<\/p>\n<p>Tifoz\u00eb t\u00eb shumt\u00eb italian\u00eb jan\u00eb mbledhur n\u00eb Sheshin e Fitores p\u00ebr t\u00eb festuar kalimin n\u00eb turin e radh\u00ebs.<\/p>\n<p>Atyre iu bashkuan shum\u00eb tifoz\u00eb shqiptar\u00eb, por p\u00ebr shkak t\u00eb zhg\u00ebnjimit nga eliminimi i ekipit t\u00eb tyre, ata sulmuan tifoz\u00ebt q\u00eb festonin p\u00ebr Italin\u00eb.<\/p>\n<p>Kjo \u00e7oi n\u00eb nj\u00eb debat t\u00eb dhunsh\u00ebm n\u00eb t\u00eb cilin dyshohet se 32-vje\u00e7ari shqiptar nxori nj\u00eb thik\u00eb dhe plagosi dy t\u00eb rinj, nj\u00ebrin n\u00eb krah dhe tjetrin n\u00eb qaf\u00eb.<\/p>\n<p>Hetimi kund\u00ebr autorit filloi menj\u00ebher\u00eb dhe p\u00ebrfshinte analiz\u00ebn e video-incizimeve dhe deklaratat e shumta t\u00eb d\u00ebshmitar\u00ebve. Kjo b\u00ebri t\u00eb mundur jo vet\u00ebm identifikimin e autorit, por edhe rind\u00ebrtimin e radh\u00ebs s\u00eb ngjarjeve.<\/p>\n<p>32-vje\u00e7ari shqiptar u d\u00ebrgua n\u00eb burgun e Pordenones. Nisur nga precedent\u00ebt e tij penal\u00eb, policia l\u00ebshoi \u200b\u200bnj\u00eb urdh\u00ebr d\u00ebbimi ndaj tij.<\/p>\n<p>Hetimet e m\u00ebtejshme jan\u00eb duke u zhvilluar p\u00ebr t\u00eb identifikuar t\u00eb gjith\u00eb t\u00eb p\u00ebrfshir\u00eb n\u00eb p\u00ebrleshje dhe p\u00ebr t\u00eb p\u00ebrcaktuar p\u00ebrgjegj\u00ebsin\u00eb e tyre.<\/p>\n","protected":false},"excerpt":{"rendered":"<p>Mbr\u00ebmjen e s\u00eb mart\u00ebs n\u00eb Veneto, nj\u00eb 32-vje\u00e7ar shqiptar, banues n\u00eb Lazio, u arrestua nga policia e Bolzanos. 32-vje\u00e7ari, i cili \u00ebsht\u00eb d\u00ebnuar disa her\u00eb, \u00ebsht\u00eb fshehur me miqt\u00eb e tij pas nj\u00eb arratisjeje t\u00eb gjat\u00eb n\u00ebp\u00ebr Itali. Urdhri i arrestit \u00ebsht\u00eb n\u00eb lidhje me trazirat e s\u00eb h\u00ebn\u00ebs s\u00eb kaluar, m\u00eb 24 qershor, pas [&hellip;]<\/p>\n","protected":false},"author":5,"featured_media":63822,"comment_status":"closed","ping_status":"closed","sticky":false,"template":"","format":"standard","meta":{"footnotes":""},"categories":[1,7664,6332],"tags":[26133,31935,31936],"class_list":{"0":"post-76371","1":"post","2":"type-post","3":"status-publish","4":"format-standard","5":"has-post-thumbnail","7":"category-aktualitet","8":"category-bota","9":"category-te-fundit","10":"tag-itali","11":"tag-prangoset-32-vjecari-shqiptar","12":"tag-qelloi-me-thike-2-italiane"},"_links":{"self":[{"href":"https:\/\/jugulajm.net\/index.php?rest_route=\/wp\/v2\/posts\/76371","targetHints":{"allow":["GET"]}}],"collection":[{"href":"https:\/\/jugulajm.net\/index.php?rest_route=\/wp\/v2\/posts"}],"about":[{"href":"https:\/\/jugulajm.net\/index.php?rest_route=\/wp\/v2\/types\/post"}],"author":[{"embeddable":true,"href":"https:\/\/jugulajm.net\/index.php?rest_route=\/wp\/v2\/users\/5"}],"replies":[{"embeddable":true,"href":"https:\/\/jugulajm.net\/index.php?rest_route=%2Fwp%2Fv2%2Fcomments&post=76371"}],"version-history":[{"count":0,"href":"https:\/\/jugulajm.net\/index.php?rest_route=\/wp\/v2\/posts\/76371\/revisions"}],"wp:featuredmedia":[{"embeddable":true,"href":"https:\/\/jugulajm.net\/index.php?rest_route=\/wp\/v2\/media\/63822"}],"wp:attachment":[{"href":"https:\/\/jugulajm.net\/index.php?rest_route=%2Fwp%2Fv2%2Fmedia&parent=76371"}],"wp:term":[{"taxonomy":"category","embeddable":true,"href":"https:\/\/jugulajm.net\/index.php?rest_route=%2Fwp%2Fv2%2Fcategories&post=76371"},{"taxonomy":"post_tag","embeddable":true,"href":"https:\/\/jugulajm.net\/index.php?rest_route=%2Fwp%2Fv2%2Ftags&post=76371"}],"curies":[{"name":"wp","href":"https:\/\/api.w.org\/{rel}","templated":true}]}}