{"id":76352,"date":"2024-07-03T11:39:59","date_gmt":"2024-07-03T09:39:59","guid":{"rendered":"https:\/\/jugulajm.net\/?p=76352"},"modified":"2024-07-03T11:39:59","modified_gmt":"2024-07-03T09:39:59","slug":"video-dita-e-zise-per-kadarene-flet-kryebashkiaku-i-gjirokastres-flamur-golemi","status":"publish","type":"post","link":"https:\/\/jugulajm.net\/?p=76352","title":{"rendered":"VIDEO\/ Dita e zis\u00eb p\u00ebr Kadaren\u00eb, flet kryebashkiaku i Gjirokastr\u00ebs, Flamur Golemi"},"content":{"rendered":"<p>Ne dit\u00ebn e zis\u00eb kombetare n\u00eb nderim t\u00eb shkrimtarit t\u00eb madh gjirokastrit, Ismail Kadare, Bashkia Gjirokast\u00ebr ka organizuar nje s\u00ebr\u00eb aktivitetesh homazh n\u00eb nderim t\u00eb jet\u00ebs dhe vepr\u00ebs s\u00eb tij.<\/p>\n<p>Pran\u00eb bazoreljevit kushtuar personaliteteve t\u00eb shquara te qytetit, pjes\u00eb e t\u00eb cilit \u00ebsht\u00eb dhe Kadare, kryebashkiaku, Flamur Golemi, shprehu vler\u00ebsimin e tij p\u00ebr korifeun e letrave shqipe Ismail Kadare, si nj\u00eb intelektual dhe shkrimtar i cili p\u00ebr vite me radh\u00eb ka dh\u00ebn\u00eb kontributet e tij.<\/p>\n<p>Kreu i bashkis\u00eb, Flamur Golemi, nd\u00ebr t\u00eb tjera theksoi se humbja e Kadares\u00eb \u00ebsht\u00eb fizike, por ai do t\u00eb t\u00eb jet\u00eb gjithmone mes nesh m\u00eb veprat e shumta q\u00eb ka krijuar nd\u00ebr vite.<\/p>\n<p>Kadare ishte shkrimtari m\u00eb i mir\u00eb i let\u00ebrsis\u00eb shqipe dhe nj\u00eb nd\u00ebr autor\u00ebt m\u00eb t\u00eb p\u00ebrkthyer jasht\u00eb vendit, ku ka fituar cmime letrare e nderkomb\u00ebtare.<\/p>\n","protected":false},"excerpt":{"rendered":"<p>Ne dit\u00ebn e zis\u00eb kombetare n\u00eb nderim t\u00eb shkrimtarit t\u00eb madh gjirokastrit, Ismail Kadare, Bashkia Gjirokast\u00ebr ka organizuar nje s\u00ebr\u00eb aktivitetesh homazh n\u00eb nderim t\u00eb jet\u00ebs dhe vepr\u00ebs s\u00eb tij. Pran\u00eb bazoreljevit kushtuar personaliteteve t\u00eb shquara te qytetit, pjes\u00eb e t\u00eb cilit \u00ebsht\u00eb dhe Kadare, kryebashkiaku, Flamur Golemi, shprehu vler\u00ebsimin e tij p\u00ebr korifeun e [&hellip;]<\/p>\n","protected":false},"author":5,"featured_media":76353,"comment_status":"closed","ping_status":"closed","sticky":false,"template":"","format":"video","meta":{"footnotes":""},"categories":[1,6332,29228],"tags":[20213,31924,31923],"class_list":{"0":"post-76352","1":"post","2":"type-post","3":"status-publish","4":"format-video","5":"has-post-thumbnail","7":"category-aktualitet","8":"category-te-fundit","9":"category-vendi","10":"tag-flamur-golemi","11":"tag-flet-kryebashkiaku-i-gjirokastres","12":"tag-video-dita-e-zise-per-kadarene","13":"post_format-post-format-video"},"_links":{"self":[{"href":"https:\/\/jugulajm.net\/index.php?rest_route=\/wp\/v2\/posts\/76352","targetHints":{"allow":["GET"]}}],"collection":[{"href":"https:\/\/jugulajm.net\/index.php?rest_route=\/wp\/v2\/posts"}],"about":[{"href":"https:\/\/jugulajm.net\/index.php?rest_route=\/wp\/v2\/types\/post"}],"author":[{"embeddable":true,"href":"https:\/\/jugulajm.net\/index.php?rest_route=\/wp\/v2\/users\/5"}],"replies":[{"embeddable":true,"href":"https:\/\/jugulajm.net\/index.php?rest_route=%2Fwp%2Fv2%2Fcomments&post=76352"}],"version-history":[{"count":0,"href":"https:\/\/jugulajm.net\/index.php?rest_route=\/wp\/v2\/posts\/76352\/revisions"}],"wp:featuredmedia":[{"embeddable":true,"href":"https:\/\/jugulajm.net\/index.php?rest_route=\/wp\/v2\/media\/76353"}],"wp:attachment":[{"href":"https:\/\/jugulajm.net\/index.php?rest_route=%2Fwp%2Fv2%2Fmedia&parent=76352"}],"wp:term":[{"taxonomy":"category","embeddable":true,"href":"https:\/\/jugulajm.net\/index.php?rest_route=%2Fwp%2Fv2%2Fcategories&post=76352"},{"taxonomy":"post_tag","embeddable":true,"href":"https:\/\/jugulajm.net\/index.php?rest_route=%2Fwp%2Fv2%2Ftags&post=76352"}],"curies":[{"name":"wp","href":"https:\/\/api.w.org\/{rel}","templated":true}]}}